{"id":299581,"date":"2021-08-02T00:10:00","date_gmt":"2021-08-02T00:10:00","guid":{"rendered":"https:\/\/www.wacoca.com\/news\/299581\/"},"modified":"2021-08-02T00:10:00","modified_gmt":"2021-08-02T00:10:00","slug":"%f0%9d%97%a2%f0%9d%97%bf%f0%9d%97%b4%f0%9d%98%82%f0%9d%97%b9%f0%9d%97%b9%f0%9d%97%bc%f0%9d%97%a1%f0%9d%97%ae%f0%9d%97%b0%f0%9d%97%b6%f0%9d%97%bc%f0%9d%97%bb%f0%9d%97%ae%f0%9d%97%b9%ef%bc%81-%e3%82%b0","status":"publish","type":"post","link":"https:\/\/www.wacoca.com\/news\/299581\/","title":{"rendered":"\ud835\udde2\ud835\uddff\ud835\uddf4\ud835\ude02\ud835\uddf9\ud835\uddf9\ud835\uddfc\ud835\udde1\ud835\uddee\ud835\uddf0\ud835\uddf6\ud835\uddfc\ud835\uddfb\ud835\uddee\ud835\uddf9\uff01 \u30b0\u30a2\u30c6\u30de\u30e9\u306e\u30b9\u30ab\u30fc\u30ec\u30b9\u30a6\u30bb\u30ed\u306f\u4eca\u591c\u53c2\u52a0\u3057\u307e\u3059&#8230;"},"content":{"rendered":"<p><img decoding=\"async\" src=\"https:\/\/www.wacoca.com\/news\/wp-content\/uploads\/2021\/08\/E7vpRmPX0AcqAoA.jpg\" \/><\/p>\n<p>\ud835\udde2\ud835\uddff\ud835\uddf4\ud835\ude02\ud835\uddf9\ud835\uddf9\ud835\uddfc\ud835\udde1\ud835\uddee\ud835\uddf0\ud835\uddf6\ud835\uddfc\ud835\uddfb\ud835\uddee\ud835\uddf9\uff01  \ud83c\uddec\ud83c\uddf9\u30b0\u30a2\u30c6\u30de\u30e9\u306e\u30b9\u30ab\u30fc\u30ec\u30b9\u30a6\u30bb\u30ed\u306f\u4eca\u591c\u3001\u6771\u4eac2020\u30aa\u30ea\u30f3\u30d4\u30c3\u30af\u3067\u306e\u91cd\u91cf\u6319\u3052\u306e+87\u30ad\u30ed\u30b0\u30e9\u30e0\u306e\u5927\u4f1a\u306b\u53c2\u52a0\u3057\u307e\u3059\u3002\u5f7c\u5973\u306e\u30c7\u30d3\u30e5\u30fc\u306f\u5348\u5f8c8\u664250\u5206\u306b\u30b0\u30a2\u30c6\u30de\u30e9\u6642\u9593\u3067\u3059\ud83d\udcaa\ud83c\udffc\uff03JuegosOllympicos\uff03Tokyo2020 #Olympics <a href=\"https:\/\/t.co\/ieHdjcZFUh\" target=\"_blank\" rel=\"noopener nofollow\">https:\/\/t.co\/ieHdjcZFUh<\/a><br \/>\n<\/p>\n<blockquote class=\"twitter-tweet\">\n<p lang=\"es\" dir=\"ltr\">\u00a1\ud835\udde2\ud835\uddff\ud835\uddf4\ud835\ude02\ud835\uddf9\ud835\uddf9\ud835\uddfc \ud835\udde1\ud835\uddee\ud835\uddf0\ud835\uddf6\ud835\uddfc\ud835\uddfb\ud835\uddee\ud835\uddf9!<\/p>\n<p>\ud83c\uddec\ud83c\uddf9 La guatemalteca Scarleth Ucelo participar\u00e1 esta noche en la competici\u00f3n de +87 kilogramos en levantamiento de pesas en los Juegos Ol\u00edmpicos de Tokio 2020. Su debut ser\u00e1 a las 20:50 hora de Guatemala \ud83d\udcaa\ud83c\udffc<a href=\"https:\/\/twitter.com\/hashtag\/JuegosOl%C3%ADmpicos?src=hash&amp;ref_src=twsrc%5Etfw\" rel=\"nofollow noopener\" target=\"_blank\">#JuegosOl\u00edmpicos<\/a> <a href=\"https:\/\/twitter.com\/hashtag\/Tokyo2020?src=hash&amp;ref_src=twsrc%5Etfw\" rel=\"nofollow noopener\" target=\"_blank\">#Tokyo2020<\/a> <a href=\"https:\/\/twitter.com\/hashtag\/Olympics?src=hash&amp;ref_src=twsrc%5Etfw\" rel=\"nofollow noopener\" target=\"_blank\">#Olympics<\/a> <a href=\"https:\/\/t.co\/ieHdjcZFUh\" rel=\"nofollow\">pic.twitter.com\/ieHdjcZFUh<\/a><\/p>\n<p>&mdash; Diario de Centro Am\u00e9rica (@DiariodeCA) <a href=\"https:\/\/twitter.com\/DiariodeCA\/status\/1421986604336431110?ref_src=twsrc%5Etfw\" rel=\"nofollow noopener\" target=\"_blank\">August 2, 2021<\/a><\/p><\/blockquote>\n<p><script async src=\"https:\/\/platform.twitter.com\/widgets.js\" charset=\"utf-8\"><\/script><\/p>\n","protected":false},"excerpt":{"rendered":"<p>\ud835\udde2\ud835\uddff\ud835\uddf4\ud835\ude02\ud835\uddf9\ud835\uddf9\ud835\uddfc\ud835\udde1\ud835\uddee\ud835\uddf0\ud835\uddf6\ud835\uddfc\ud835\uddfb\ud835\uddee\ud835\uddf9\uff01 \ud83c\uddec\ud83c\uddf9\u30b0\u30a2\u30c6\u30de\u30e9\u306e\u30b9\u30ab\u30fc\u30ec\u30b9\u30a6\u30bb\u30ed\u306f\u4eca\u591c\u3001\u6771\u4eac2020\u30aa\u30ea\u30f3\u30d4\u30c3\u30af\u3067\u306e\u91cd\u91cf\u6319\u3052\u306e+87\u30ad\u30ed\u30b0\u30e9\u30e0\u306e\u5927\u4f1a\u306b\u53c2\u52a0\u3057\u307e\u3059\u3002\u5f7c\u5973\u306e\u30c7\u30d3\u30e5\u30fc\u306f\u5348\u5f8c8\u664250\u5206\u306b\u30b0\u30a2\u30c6\u30de\u30e9\u6642\u9593\u3067\u3059\ud83d\udcaa\ud83c\udffc\uff03JuegosOl<\/p>\n","protected":false},"author":4,"featured_media":299582,"comment_status":"","ping_status":"","sticky":false,"template":"","format":"standard","meta":{"footnotes":"","_share_on_mastodon":"0"},"categories":[202487],"tags":[205683,24407,202490,202493,30846,202492,39147,202491,202494,205668,29931],"class_list":{"0":"post-299581","1":"post","2":"type-post","3":"status-publish","4":"format-standard","5":"has-post-thumbnail","7":"category-tokyo-olympics-2020","8":"tag-juegosolimpicos","9":"tag-olympics","10":"tag-olympics-2020","11":"tag-olympics-2021","12":"tag-tokyo-2020","13":"tag-tokyo-2021","14":"tag-tokyo-olympics","15":"tag-tokyo-olympics-2020","16":"tag-tokyo-olympics-2021","17":"tag-tokyo-olympics-tweets","18":"tag-tokyo2020"},"share_on_mastodon":{"url":"","error":""},"_links":{"self":[{"href":"https:\/\/www.wacoca.com\/news\/wp-json\/wp\/v2\/posts\/299581","targetHints":{"allow":["GET"]}}],"collection":[{"href":"https:\/\/www.wacoca.com\/news\/wp-json\/wp\/v2\/posts"}],"about":[{"href":"https:\/\/www.wacoca.com\/news\/wp-json\/wp\/v2\/types\/post"}],"author":[{"embeddable":true,"href":"https:\/\/www.wacoca.com\/news\/wp-json\/wp\/v2\/users\/4"}],"replies":[{"embeddable":true,"href":"https:\/\/www.wacoca.com\/news\/wp-json\/wp\/v2\/comments?post=299581"}],"version-history":[{"count":0,"href":"https:\/\/www.wacoca.com\/news\/wp-json\/wp\/v2\/posts\/299581\/revisions"}],"wp:featuredmedia":[{"embeddable":true,"href":"https:\/\/www.wacoca.com\/news\/wp-json\/wp\/v2\/media\/299582"}],"wp:attachment":[{"href":"https:\/\/www.wacoca.com\/news\/wp-json\/wp\/v2\/media?parent=299581"}],"wp:term":[{"taxonomy":"category","embeddable":true,"href":"https:\/\/www.wacoca.com\/news\/wp-json\/wp\/v2\/categories?post=299581"},{"taxonomy":"post_tag","embeddable":true,"href":"https:\/\/www.wacoca.com\/news\/wp-json\/wp\/v2\/tags?post=299581"}],"curies":[{"name":"wp","href":"https:\/\/api.w.org\/{rel}","templated":true}]}}