{"id":2795361,"date":"2026-03-21T13:10:51","date_gmt":"2026-03-21T13:10:51","guid":{"rendered":"https:\/\/www.wacoca.com\/news\/2795361\/"},"modified":"2026-03-21T13:10:51","modified_gmt":"2026-03-21T13:10:51","slug":"3%e6%9c%88%e3%81%ae%e5%9b%bd%e9%9a%9b%e5%a5%b3%e6%80%a7%e3%83%87%e3%83%bc%e3%82%92%e8%bf%8e%e3%81%88%e3%82%8b%e3%81%ab%e3%81%82%e3%81%9f%e3%82%8a%e3%80%81%e9%a7%90%e6%97%a5%e3%83%96%e3%83%a9-10","status":"publish","type":"post","link":"https:\/\/www.wacoca.com\/news\/2795361\/","title":{"rendered":"3\u6708\u306e\u56fd\u969b\u5973\u6027\u30c7\u30fc\u3092\u8fce\u3048\u308b\u306b\u3042\u305f\u308a\u3001\u99d0\u65e5\u30d6\u30e9\u30b8\u30eb\u5927\u4f7f\u9928\u306f\u3001\u52d5\u753b\u30b7\u30ea\u30fc\u30ba\u300c\u65e5\u672c\u3067\u66ae\u3089\u3059\u5f7c\u5973\u305f\u3061 \u2015 \u3055\u307e\u3056\u307e\u306a\u58f0\u3001\u3072\u3068\u3064\u306e\u30a2\u30a4\u30c7\u30f3\u30c6\u30a3\u30c6\u30a3\uff1a\u30d6\u30e9\u30b8\u30eb\u4eba\u5973\u6027\u300d\u3092\u304a\u5c4a\u3051\u3044\u305f\u3057\u307e\u3059\u3002 \u672c\u30b7\u30ea\u30fc\u30ba\u3067\u306f\u3001\u30d6\u30e9\u30b8\u30eb\u4eba\u5973\u6027\u306e\u7686\u3055\u307e\u306b\u656c\u610f\u3092\u8868\u3059\u308b\u3068\u3068\u3082\u306b\u3001\u5f7c\u5973\u305f\u3061\u304c\u3088\u308a\u5e83\u3044\u7570\u6587\u5316\u9593\u5bfe\u8a71\u306e\u4fc3\u9032\u3068\u4e21\u56fd\u793e\u4f1a\u306e\u76f8\u4e92\u7406\u89e3\u306e\u6df1\u5316\u306b\u3069\u306e\u3088\u3046\u306b\u8ca2\u732e\u3057\u3066\u3044\u308b\u304b\u3092\u3054\u7d39\u4ecb\u3057\u307e\u3059\u3002 \u307e\u305f\u672c\u30d7\u30ed\u30b8\u30a7\u30af\u30c8\u306f\u3001\u5f7c\u5973\u305f\u3061\u4e00\u4eba\u3072\u3068\u308a\u306e\u7269\u8a9e\u3084\u6b69\u307f\u306b\u5149\u3092\u5f53\u3066\u3001\u65e5\u672c\u306b\u6839\u3056\u3059\u30d6\u30e9\u30b8\u30eb\u4eba\u30b3\u30df\u30e5\u30cb\u30c6\u30a3\u306b\u3064\u3044\u3066\u3001\u3088\u308a\u591a\u69d8\u3067\u4eba\u9593\u5473\u3042\u3075\u308c\u308b\u59ff\u3092\u767a\u4fe1\u3059\u308b\u3053\u3068\u3092\u76ee\u7684\u3068\u3057\u3066\u3044\u307e\u3059\u3002 \u672c\u65e5\u3054\u7d39\u4ecb\u3059\u308b\u306e\u306f\u3001\u85e4\u4e95\u30eb\u30c3\u30c1\u8c4a\u7f8e\u3055\u3093(@fujiiruth)\u3067\u3059\u3002\n\u8c4a\u7f8e\u3055\u3093\u3001\u3054\u767b\u5834\u3044\u305f\u3060\u304d\u3001\u3042\u308a\u304c\u3068\u3046\u3054\u3056\u3044\u307e\u3057\u305f\u3002 #\u56fd\u969b\u5973\u6027\u30c7\u30fc #\u30d6\u30e9\u30b8\u30eb\u4eba\u5973\u6027 #\u5728\u65e5\u30d6\u30e9\u30b8\u30eb\u4eba #\u65e5\u4f2f\u95a2\u4fc2 .\nPor ocasi\u00e3o do m\u00eas em que se celebra o dia internacional da mulher (mar\u00e7o), a Embaixada do Brasil no Jap\u00e3o promove a s\u00e9rie de v\u00eddeos intitulada &#8220;Elas no Jap\u00e3o- muitas vozes, uma identidade: mulheres brasileiras&#8221;. Prestamos homenagem \u00e0s mulheres brasileiras e compartilhamos como elas vem colaborando para di\u00e1logo intercultural mais amplo e entendimento m\u00fatuo entre as sociedades. O projeto visa ainda a dar visibilidade a suas hist\u00f3rias e trajet\u00f3rias e, assim, contribuir para a constru\u00e7\u00e3o de narrativa mais plural e humana da comunidade brasileira radicada aqui no Jap\u00e3o. Agradecemos \u00e0 nossa querida Ruth Toyomi Fujii (@fujiiruth ), homenageada de hoje. #diainternacionaldamulher | \u99d0\u65e5\u30d6\u30e9\u30b8\u30eb\u5927\u4f7f\u9928"},"content":{"rendered":"<p>3\u6708\u306e\u56fd\u969b\u5973\u6027\u30c7\u30fc\u3092\u8fce\u3048\u308b\u306b\u3042\u305f\u308a\u3001\u99d0\u65e5\u30d6\u30e9\u30b8\u30eb\u5927\u4f7f\u9928\u306f\u3001\u52d5\u753b\u30b7\u30ea\u30fc\u30ba\u300c\u65e5\u672c\u3067\u66ae\u3089\u3059\u5f7c\u5973\u305f\u3061 \u2015 \u3055\u307e\u3056\u307e\u306a\u58f0\u3001\u3072\u3068\u3064\u306e\u30a2\u30a4\u30c7\u30f3\u30c6\u30a3\u30c6\u30a3\uff1a\u30d6\u30e9\u30b8\u30eb\u4eba\u5973\u6027\u300d\u3092\u304a\u5c4a\u3051\u3044\u305f\u3057\u307e\u3059\u3002<\/p>\n<p>\u672c\u30b7\u30ea\u30fc\u30ba\u3067\u306f\u3001\u30d6\u30e9\u30b8\u30eb\u4eba\u5973\u6027\u306e\u7686\u3055\u307e\u306b\u656c\u610f\u3092\u8868\u3059\u308b\u3068\u3068\u3082\u306b\u3001\u5f7c\u5973\u305f\u3061\u304c\u3088\u308a\u5e83\u3044\u7570\u6587\u5316\u9593\u5bfe\u8a71\u306e\u4fc3\u9032\u3068\u4e21\u56fd\u793e\u4f1a\u306e\u76f8\u4e92\u7406\u89e3\u306e\u6df1\u5316\u306b\u3069\u306e\u3088\u3046\u306b\u8ca2\u732e\u3057\u3066\u3044\u308b\u304b\u3092\u3054\u7d39\u4ecb\u3057\u307e\u3059\u3002<\/p>\n<p>\u307e\u305f\u672c\u30d7\u30ed\u30b8\u30a7\u30af\u30c8\u306f\u3001\u5f7c\u5973\u305f\u3061\u4e00\u4eba\u3072\u3068\u308a\u306e\u7269\u8a9e\u3084\u6b69\u307f\u306b\u5149\u3092\u5f53\u3066\u3001\u65e5\u672c\u306b\u6839\u3056\u3059\u30d6\u30e9\u30b8\u30eb\u4eba\u30b3\u30df\u30e5\u30cb\u30c6\u30a3\u306b\u3064\u3044\u3066\u3001\u3088\u308a\u591a\u69d8\u3067\u4eba\u9593\u5473\u3042\u3075\u308c\u308b\u59ff\u3092\u767a\u4fe1\u3059\u308b\u3053\u3068\u3092\u76ee\u7684\u3068\u3057\u3066\u3044\u307e\u3059\u3002<\/p>\n<p>\u672c\u65e5\u3054\u7d39\u4ecb\u3059\u308b\u306e\u306f\u3001\u85e4\u4e95\u30eb\u30c3\u30c1\u8c4a\u7f8e\u3055\u3093(@fujiiruth)\u3067\u3059\u3002<br \/>\n\u8c4a\u7f8e\u3055\u3093\u3001\u3054\u767b\u5834\u3044\u305f\u3060\u304d\u3001\u3042\u308a\u304c\u3068\u3046\u3054\u3056\u3044\u307e\u3057\u305f\u3002<\/p>\n<p>#\u56fd\u969b\u5973\u6027\u30c7\u30fc #\u30d6\u30e9\u30b8\u30eb\u4eba\u5973\u6027 #\u5728\u65e5\u30d6\u30e9\u30b8\u30eb\u4eba #\u65e5\u4f2f\u95a2\u4fc2<\/p>\n<p>.<br \/>\nPor ocasi\u00e3o do m\u00eas em que se celebra o dia internacional da mulher (mar\u00e7o), a Embaixada do Brasil no Jap\u00e3o promove a s\u00e9rie de v\u00eddeos intitulada &#8220;Elas no Jap\u00e3o- muitas vozes, uma identidade: mulheres brasileiras&#8221;.<\/p>\n<p>Prestamos homenagem \u00e0s mulheres brasileiras e compartilhamos como elas vem colaborando para di\u00e1logo intercultural mais amplo e entendimento m\u00fatuo entre as sociedades.<\/p>\n<p>O projeto visa ainda a dar visibilidade a suas hist\u00f3rias e trajet\u00f3rias e, assim, contribuir para a constru\u00e7\u00e3o de narrativa mais plural e humana da comunidade brasileira radicada aqui no Jap\u00e3o.<\/p>\n<p>Agradecemos \u00e0 nossa querida Ruth Toyomi Fujii (@fujiiruth ), homenageada de hoje.<\/p>\n<p>#diainternacionaldamulher | \u99d0\u65e5\u30d6\u30e9\u30b8\u30eb\u5927\u4f7f\u9928 &#8211; Embaixada do Brasil em T\u00f3quio<\/p>\n","protected":false},"excerpt":{"rendered":"<p>3\u6708\u306e\u56fd\u969b\u5973\u6027\u30c7\u30fc\u3092\u8fce\u3048\u308b\u306b\u3042\u305f\u308a\u3001\u99d0\u65e5\u30d6\u30e9\u30b8\u30eb\u5927\u4f7f\u9928\u306f\u3001\u52d5\u753b\u30b7\u30ea\u30fc\u30ba\u300c\u65e5\u672c\u3067\u66ae\u3089\u3059\u5f7c\u5973\u305f\u3061 \u2015 \u3055\u307e\u3056\u307e\u306a\u58f0\u3001\u3072\u3068\u3064\u306e\u30a2\u30a4\u30c7\u30f3\u30c6\u30a3\u30c6\u30a3\uff1a\u30d6\u30e9\u30b8\u30eb\u4eba\u5973\u6027\u300d\u3092\u304a\u5c4a\u3051\u3044\u305f\u3057\u307e\u3059\u3002 \u672c\u30b7\u30ea\u30fc\u30ba\u3067\u306f\u3001\u30d6\u30e9\u30b8\u30eb\u4eba\u5973\u6027\u306e\u7686\u3055\u307e\u306b\u656c\u610f<\/p>\n","protected":false},"author":2,"featured_media":2795362,"comment_status":"","ping_status":"","sticky":false,"template":"","format":"standard","meta":{"footnotes":"","_share_on_mastodon":"0"},"categories":[785160],"tags":[30353,1656],"class_list":{"0":"post-2795361","1":"post","2":"type-post","3":"status-publish","4":"format-standard","5":"has-post-thumbnail","7":"category-brazil","8":"tag-brazil","9":"tag-1656"},"share_on_mastodon":{"url":"","error":"Validation failed: Text character limit of 500 exceeded"},"_links":{"self":[{"href":"https:\/\/www.wacoca.com\/news\/wp-json\/wp\/v2\/posts\/2795361","targetHints":{"allow":["GET"]}}],"collection":[{"href":"https:\/\/www.wacoca.com\/news\/wp-json\/wp\/v2\/posts"}],"about":[{"href":"https:\/\/www.wacoca.com\/news\/wp-json\/wp\/v2\/types\/post"}],"author":[{"embeddable":true,"href":"https:\/\/www.wacoca.com\/news\/wp-json\/wp\/v2\/users\/2"}],"replies":[{"embeddable":true,"href":"https:\/\/www.wacoca.com\/news\/wp-json\/wp\/v2\/comments?post=2795361"}],"version-history":[{"count":0,"href":"https:\/\/www.wacoca.com\/news\/wp-json\/wp\/v2\/posts\/2795361\/revisions"}],"wp:featuredmedia":[{"embeddable":true,"href":"https:\/\/www.wacoca.com\/news\/wp-json\/wp\/v2\/media\/2795362"}],"wp:attachment":[{"href":"https:\/\/www.wacoca.com\/news\/wp-json\/wp\/v2\/media?parent=2795361"}],"wp:term":[{"taxonomy":"category","embeddable":true,"href":"https:\/\/www.wacoca.com\/news\/wp-json\/wp\/v2\/categories?post=2795361"},{"taxonomy":"post_tag","embeddable":true,"href":"https:\/\/www.wacoca.com\/news\/wp-json\/wp\/v2\/tags?post=2795361"}],"curies":[{"name":"wp","href":"https:\/\/api.w.org\/{rel}","templated":true}]}}