{"id":2791254,"date":"2026-03-16T07:31:01","date_gmt":"2026-03-16T07:31:01","guid":{"rendered":"https:\/\/www.wacoca.com\/news\/2791254\/"},"modified":"2026-03-16T07:31:01","modified_gmt":"2026-03-16T07:31:01","slug":"hosszabbitas-utani-siker-argentina-ellen-nagy-lepest-tett-a-vb-szereplesert-a-noi-kosarvalogatott","status":"publish","type":"post","link":"https:\/\/www.wacoca.com\/news\/2791254\/","title":{"rendered":"Hosszabb\u00edt\u00e1s ut\u00e1ni siker Argent\u00edna ellen, nagy l\u00e9p\u00e9st tett a vb-szerepl\u00e9s\u00e9rt a n\u0151i kos\u00e1rv\u00e1logatott"},"content":{"rendered":"<p>A magyar n\u0151i kos\u00e1rlabda-v\u00e1logatott hosszabb\u00edt\u00e1s ut\u00e1n tizenegy ponttal, 92-81-re nyert Argent\u00edna ellen vas\u00e1rnap az Isztambulban zajl\u00f3 vil\u00e1gbajnoki selejtez\u0151torna negyedik fordul\u00f3j\u00e1ban, \u00edgy nagy l\u00e9p\u00e9st tett a vb-szerepl\u00e9s fel\u00e9. &#13;<br \/>\n&#13;\n<\/p>\n<p>\u00d3ri\u00e1si k\u00fczdelemben nyert Argent\u00edna ellen \u00e9s nagy l\u00e9p\u00e9st tett a vb-\u00e9rt a n\u0151i kos\u00e1rv\u00e1logatott<\/p>\n<p>Eredm\u00e9ny, 4. fordul\u00f3:<br \/>Magyarorsz\u00e1g-Argent\u00edna 92-81 (13-16, 23-21, 18-20, 23-20, 15-4) \u2013 hosszabb\u00edt\u00e1s ut\u00e1n<br \/>Pontszerz\u0151k: Lelik 24, Dombai 19, Juh\u00e1sz 17, Tak\u00e1cs-Kiss 9, Dubei 9, Aho 9, Varga 3, T\u00f6r\u00f6k 2, illetve Gretter 24, Chagas 19, Gauna 8, Cabrera 7, Burani 6, Siciliano 5, Gentinetta 5, Mungo 4, Raviolo 3<\/p>\n<p>A vb-selejtez\u0151 szerdai nyit\u00f3napj\u00e1n V\u00f6lgyi P\u00e9ter sz\u00f6vets\u00e9gi kapit\u00e1ny egy\u00fcttese a 35 pontos Juh\u00e1sz Dorka vezet\u00e9s\u00e9vel 77-65-re verte a Toki\u00f3ban olimpiai ez\u00fcst\u00e9rmes jap\u00e1nokat, m\u00e1snap 75-53-ra kikapott a tavalyi Amerika-bajnoks\u00e1gon bronz\u00e9rmes Kanad\u00e1t\u00f3l, szombaton pedig 71-58-ra alulmaradt az olimpiai bronz\u00e9rmes \u00e9s m\u00e1r vb-r\u00e9sztvev\u0151 Ausztr\u00e1li\u00e1val szemben. A t\u00f6bbi eredm\u00e9ny folyt\u00e1n a k\u00e9plet leegyszer\u0171s\u00f6d\u00f6tt vas\u00e1rnapra: a magyarok annak a tudat\u00e1ban l\u00e9ptek p\u00e1ly\u00e1ra negyedik m\u00e9rk\u0151z\u00e9s\u00fck\u00f6n, hogy ha legy\u0151zik Argent\u00edn\u00e1t, majd a k\u00f6vetkez\u0151 meccsen pedig Kanada Jap\u00e1nt, akkor biztosan ott lesznek a szeptemberi, berlini vil\u00e1gbajnoks\u00e1gon. Veres\u00e9g eset\u00e9n pedig kedden T\u00f6r\u00f6korsz\u00e1g ellen m\u00e9g kaphatnak erre egy es\u00e9lyt, de akkor m\u00e1r nem csak a saj\u00e1t kez\u00fckben lenne a sorsuk.<\/p>\n<p>A vas\u00e1rnapi tal\u00e1lkoz\u00f3n a szint\u00e9n 1\/2-es gy\u0151zelmi m\u00e9rleggel \u00e1ll\u00f3 Argent\u00edna \u00e1llt a t\u00faloldalon, amely n\u00e9mi meglepet\u00e9sre cs\u00fct\u00f6rt\u00f6k\u00f6n 59-55-re megverte a h\u00e1zigazd\u00e1kat \u2013 igaz, csak t\u00edz m\u00e1sodpercig vezetett a meccsen. Az ellenf\u00e9l \u00f6t \u00e9rmet nyert az Amerika-bajnoks\u00e1gokon \u2013 de aranyat sosem -, vil\u00e1gbajnoks\u00e1gokon pedig kilencszer vett r\u00e9szt, legut\u00f3bb, 2018-ban 15. lett, a legjobb eredm\u00e9nye pedig az 1953-as hatodik hely volt.<\/p>\n<p><img decoding=\"async\" loading=\"lazy\" class=\"wp-image-3811989\" title=\"N\u0151i kos\u00e1rlabda vb-selejtez\u0151 Isztambulban - Magyarorsz\u00e1g-Argent\u00edna\" src=\"https:\/\/www.wacoca.com\/news\/wp-content\/uploads\/2026\/03\/DSZZS20260315036-1920x1080.jpg\" alt=\"\" width=\"1920\" height=\"1080\"  \/> Lelik R\u00e9ka \u00e9s az argentin Agostina Burani a n\u0151i kos\u00e1rlabda-vil\u00e1gbajnoks\u00e1g selejtez\u0151 torn\u00e1j\u00e1n j\u00e1tszott Magyarorsz\u00e1g \u2013 Argent\u00edna m\u00e9rk\u0151z\u00e9sen. MTI\/Szigetv\u00e1ry Zsolt<\/p>\n<p>A k\u00e9t v\u00e1logatott els\u0151 \u00f6sszecsap\u00e1s\u00e1n 3-3 ut\u00e1n a harcias d\u00e9l-amerikaiak l\u00f3dultak meg, a magyarok Aho Nina r\u00e9v\u00e9n 13-13-n\u00e1l \u00e9rt\u00e9k utol \u0151ket. A dob\u00f3forma viszont tov\u00e1bbra is elmaradt a v\u00e1rakoz\u00e1sokt\u00f3l, \u00edgy az ellenf\u00e9l 11 ponttal elh\u00fazott, ezt siker\u00fclt h\u00e1romra faragni, majd Lelik R\u00e9ka tripl\u00e1j\u00e1val ism\u00e9t a magyarokn\u00e1l volt az el\u0151ny (36-35). A nagysz\u00fcnetben 37-36-ra vezetett a riv\u00e1lis.<\/p>\n<p>T\u00e9rf\u00e9lcsere ut\u00e1n fej fej mellett haladtak a csapatok, minden labd\u00e1\u00e9rt \u00f3ri\u00e1si k\u00fczdelem zajlott, Lelik a v\u00e1logatott legjobbj\u00e1v\u00e1 l\u00e9pett el\u0151. Az 54-57-r\u0151l indul\u00f3 z\u00e1r\u00f3szakaszban Juh\u00e1sz tripl\u00e1ja hozta ism\u00e9t lend\u00fcletbe a nemzeti egy\u00fcttest, majd Florencia Chagas \u00f6t\u00f6dik h\u00e1rmas\u00e1val megint az ellenf\u00e9l \u00e1llt jobban. Dombai R\u00e9ka fontos tripl\u00e1t dobott, a hajr\u00e1 pedig m\u00e9g a addigiakn\u00e1l is nagyobb izgalmakat hozott, az utols\u00f3 perc 75-73-mal kezd\u0151d\u00f6tt. Az argentinok 21 m\u00e1sodpercn\u00e9l \u00e1tvett\u00e9k a vezet\u00e9st (77-75), Tak\u00e1cs-Kiss Vir\u00e1g k\u00f6zelr\u0151l egyenl\u00edtett (77-77), majd 3,6 m\u00e1sodperccel a v\u00e9ge el\u0151tt kihagyott egy b\u00fcntet\u0151t, \u00edgy j\u00f6hetett az \u00f6tperces hosszabb\u00edt\u00e1s.<\/p>\n<p><img decoding=\"async\" loading=\"lazy\" class=\"wp-image-3811998\" title=\"N\u0151i kos\u00e1rlabda vb-selejtez\u0151 Isztambulban - Magyarorsz\u00e1g-Argent\u00edna\" src=\"https:\/\/www.wacoca.com\/news\/wp-content\/uploads\/2026\/03\/DSZZS20260315038-1920x1080.jpg\" alt=\"\" width=\"1920\" height=\"1080\"  \/> Nina Aho \u00e9s Tak\u00e1cs-Kiss Vir\u00e1g, valamint az argentin Melisa Gretter a n\u0151i kos\u00e1rlabda-vil\u00e1gbajnoks\u00e1g selejtez\u0151 torn\u00e1j\u00e1n j\u00e1tszott Magyarorsz\u00e1g \u2013 Argent\u00edna m\u00e9rk\u0151z\u00e9sen. MTI\/Szigetv\u00e1ry Zsolt<\/p>\n<p>A r\u00e1ad\u00e1sban Dombai, Juh\u00e1sz \u00e9s Lelik is betal\u00e1lt, az egyre f\u00e1radtabb csapatok t\u00f6bb helyzetet is elpusk\u00e1ztak, 43 m\u00e1sodpercn\u00e9l 84-79 volt az \u00e1ll\u00e1s. A h\u00e1tral\u00e9v\u0151 id\u0151ben az argentin kapit\u00e1nyt ki\u00e1ll\u00edtott\u00e1k reklam\u00e1l\u00e1s\u00e9rt, de ez sem zavarta meg a magyarokat, akik v\u00e9g\u00fcl kik\u00fczd\u00f6tt\u00e9k a gy\u0151zelmet.<\/p>\n<p>A nemzeti csapat az utols\u00f3 fordul\u00f3ban kedden magyar id\u0151 szerint 18.30 \u00f3r\u00e1t\u00f3l a h\u00e1zigazd\u00e1kkal csap \u00f6ssze \u00e9s amennyiben azt megel\u0151z\u0151en Argent\u00edna legy\u0151zi Jap\u00e1nt, vagy Kanada az ausztr\u00e1lokat, akkor Juh\u00e1sz Dork\u00e1\u00e9k m\u00e1r t\u00e9t n\u00e9lk\u00fcl l\u00e9phetnek p\u00e1ly\u00e1ra, ellenkez\u0151 esetben viszont \u2013 azaz jap\u00e1n \u00e9s ausztr\u00e1l siker ut\u00e1n \u2013 gy\u0151zni\u00fck kell a vb-szerepl\u00e9s\u00e9rt a t\u00f6r\u00f6k\u00f6k ellen.<\/p>\n<p>                        \u201eNincsenek szavak a l\u00e1nyokra, mindenki megmutatta, mekkora sz\u00edve van\u201d<\/p>\n<p>A magyar n\u0151i v\u00e1logatott eddig \u00f6tsz\u00f6r szerepelt vil\u00e1gbajnoks\u00e1gon, legut\u00f3bb, 1998-ban a tizedik helyen z\u00e1rt. Az eddigi legjobb helyez\u00e9se az \u00f6t\u00f6dik volt, amelyet 1957-ben szerzett meg Rio de Janeir\u00f3ban.<\/p>\n<p>                        Jap\u00e1n legy\u0151zte Kanad\u00e1t: kedden d\u0151l el, hogy kijut-e a vb-re magyar n\u0151i kos\u00e1rv\u00e1logatott<\/p>\n<p>\u00cdgy juthat ki a vil\u00e1gbajnoks\u00e1gra a magyar csapat.<\/p>\n","protected":false},"excerpt":{"rendered":"<p>A magyar n\u0151i kos\u00e1rlabda-v\u00e1logatott hosszabb\u00edt\u00e1s ut\u00e1n tizenegy ponttal, 92-81-re nyert Argent\u00edna ellen vas\u00e1rnap<\/p>\n","protected":false},"author":2,"featured_media":2791255,"comment_status":"","ping_status":"","sticky":false,"template":"","format":"standard","meta":{"footnotes":"","_share_on_mastodon":"0"},"categories":[785161],"tags":[133793,23370],"class_list":{"0":"post-2791254","1":"post","2":"type-post","3":"status-publish","4":"format-standard","5":"has-post-thumbnail","7":"category-argentina","8":"tag-argentina","9":"tag-23370"},"share_on_mastodon":{"url":"https:\/\/wakoka.com\/@news\/116237689530742924","error":""},"_links":{"self":[{"href":"https:\/\/www.wacoca.com\/news\/wp-json\/wp\/v2\/posts\/2791254","targetHints":{"allow":["GET"]}}],"collection":[{"href":"https:\/\/www.wacoca.com\/news\/wp-json\/wp\/v2\/posts"}],"about":[{"href":"https:\/\/www.wacoca.com\/news\/wp-json\/wp\/v2\/types\/post"}],"author":[{"embeddable":true,"href":"https:\/\/www.wacoca.com\/news\/wp-json\/wp\/v2\/users\/2"}],"replies":[{"embeddable":true,"href":"https:\/\/www.wacoca.com\/news\/wp-json\/wp\/v2\/comments?post=2791254"}],"version-history":[{"count":0,"href":"https:\/\/www.wacoca.com\/news\/wp-json\/wp\/v2\/posts\/2791254\/revisions"}],"wp:featuredmedia":[{"embeddable":true,"href":"https:\/\/www.wacoca.com\/news\/wp-json\/wp\/v2\/media\/2791255"}],"wp:attachment":[{"href":"https:\/\/www.wacoca.com\/news\/wp-json\/wp\/v2\/media?parent=2791254"}],"wp:term":[{"taxonomy":"category","embeddable":true,"href":"https:\/\/www.wacoca.com\/news\/wp-json\/wp\/v2\/categories?post=2791254"},{"taxonomy":"post_tag","embeddable":true,"href":"https:\/\/www.wacoca.com\/news\/wp-json\/wp\/v2\/tags?post=2791254"}],"curies":[{"name":"wp","href":"https:\/\/api.w.org\/{rel}","templated":true}]}}