{"id":2774954,"date":"2026-02-23T07:34:38","date_gmt":"2026-02-23T07:34:38","guid":{"rendered":"https:\/\/www.wacoca.com\/news\/2774954\/"},"modified":"2026-02-23T07:34:38","modified_gmt":"2026-02-23T07:34:38","slug":"argentina-proyecto-de-reforma-laboral-divide-opiniones-entre-sindicatos-y-el-sector-empresarial","status":"publish","type":"post","link":"https:\/\/www.wacoca.com\/news\/2774954\/","title":{"rendered":"Argentina: Proyecto de reforma laboral divide opiniones entre sindicatos y el sector empresarial"},"content":{"rendered":"<p data-block-key=\"er98w\">\u201cReforma laboral: punto por punto, qu\u00e9 cambia para trabajadores y gremios\u201d, 07 de febrero de 2026.<\/p>\n<p data-block-key=\"bdi24\">&#8230;El proyecto de reforma laboral enviado por el Gobierno nacional al Congreso y que se votar\u00e1 el mi\u00e9rcoles en el Senado abri\u00f3 una discusi\u00f3n de fondo sobre las reglas que ordenan el trabajo en la Argentina.<\/p>\n<p data-block-key=\"c7265\">El oficialismo sostiene que la iniciativa apunta a reducir la litigiosidad, dar previsibilidad y modernizar un marco normativo que considera desactualizado frente a los cambios en el mercado laboral.<\/p>\n<p data-block-key=\"ah5bi\">Desde la mirada sindical, los cambios impactan sobre aspectos centrales de la relaci\u00f3n laboral, como el salario, la jornada, las vacaciones y las indemnizaciones, adem\u00e1s de introducir nuevas reglas sobre registraci\u00f3n, v\u00ednculos contractuales y negociaci\u00f3n colectiva.<\/p>\n<p data-block-key=\"8e36s\">La iniciativa cuenta con un fuerte respaldo de buena parte de las entidades gremiales empresarias, que ven en la reforma una oportunidad para reducir costos laborales en un contexto de mayor competencia externa.<\/p>\n<p data-block-key=\"52b37\">Tambi\u00e9n se apoya en el argumento de que el empleo formal no crece y que la informalidad y el cuentapropismo se convirtieron en la principal v\u00eda de inserci\u00f3n laboral\u2026<\/p>\n<p data-block-key=\"7hgvb\">\u2026Para Rub\u00e9n Urbano, secretario general de la UOM [Uni\u00f3n Obrebra Metal\u00fargica], la reforma es \u201ctotalmente regresiva\u201d y \u201cno tiene ning\u00fan art\u00edculo que beneficie a los trabajadores\u201d&#8230;<\/p>\n","protected":false},"excerpt":{"rendered":"<p>\u201cReforma laboral: punto por punto, qu\u00e9 cambia para trabajadores y gremios\u201d, 07 de febrero de 2026. &#8230;El p<\/p>\n","protected":false},"author":2,"featured_media":2774955,"comment_status":"","ping_status":"","sticky":false,"template":"","format":"standard","meta":{"footnotes":"","_share_on_mastodon":"0"},"categories":[785161],"tags":[133793,23370],"class_list":{"0":"post-2774954","1":"post","2":"type-post","3":"status-publish","4":"format-standard","5":"has-post-thumbnail","7":"category-argentina","8":"tag-argentina","9":"tag-23370"},"share_on_mastodon":{"url":"https:\/\/wakoka.com\/@news\/116118792990613704","error":""},"_links":{"self":[{"href":"https:\/\/www.wacoca.com\/news\/wp-json\/wp\/v2\/posts\/2774954","targetHints":{"allow":["GET"]}}],"collection":[{"href":"https:\/\/www.wacoca.com\/news\/wp-json\/wp\/v2\/posts"}],"about":[{"href":"https:\/\/www.wacoca.com\/news\/wp-json\/wp\/v2\/types\/post"}],"author":[{"embeddable":true,"href":"https:\/\/www.wacoca.com\/news\/wp-json\/wp\/v2\/users\/2"}],"replies":[{"embeddable":true,"href":"https:\/\/www.wacoca.com\/news\/wp-json\/wp\/v2\/comments?post=2774954"}],"version-history":[{"count":0,"href":"https:\/\/www.wacoca.com\/news\/wp-json\/wp\/v2\/posts\/2774954\/revisions"}],"wp:featuredmedia":[{"embeddable":true,"href":"https:\/\/www.wacoca.com\/news\/wp-json\/wp\/v2\/media\/2774955"}],"wp:attachment":[{"href":"https:\/\/www.wacoca.com\/news\/wp-json\/wp\/v2\/media?parent=2774954"}],"wp:term":[{"taxonomy":"category","embeddable":true,"href":"https:\/\/www.wacoca.com\/news\/wp-json\/wp\/v2\/categories?post=2774954"},{"taxonomy":"post_tag","embeddable":true,"href":"https:\/\/www.wacoca.com\/news\/wp-json\/wp\/v2\/tags?post=2774954"}],"curies":[{"name":"wp","href":"https:\/\/api.w.org\/{rel}","templated":true}]}}