{"id":2771452,"date":"2026-02-18T16:21:35","date_gmt":"2026-02-18T16:21:35","guid":{"rendered":"https:\/\/www.wacoca.com\/news\/2771452\/"},"modified":"2026-02-18T16:21:35","modified_gmt":"2026-02-18T16:21:35","slug":"%e3%82%a2%e3%83%bc%e3%83%86%e3%82%a3%e3%82%b9%e3%83%88%e3%83%88%e3%83%bc%e3%82%af%ef%bd%9c%e3%82%b8%e3%83%a7%e3%82%a2%e3%82%a9%e3%83%b3%e3%83%bb%e3%82%a2%e3%83%b3%e3%82%b8%e3%82%a7%e3%83%aa%e3%83%bc","status":"publish","type":"post","link":"https:\/\/www.wacoca.com\/news\/2771452\/","title":{"rendered":"\u30a2\u30fc\u30c6\u30a3\u30b9\u30c8\u30c8\u30fc\u30af\uff5c\u30b8\u30e7\u30a2\u30a9\u30f3\u30fb\u30a2\u30f3\u30b8\u30a7\u30ea\u30fc\u30cb \u00d7 \u5409\u6ca2\u592a \u73fe\u5728\u3001\u9ec4\u91d1\u753a\u30a8\u30ea\u30a2\u30de\u30cd\u30b8\u30e1\u30f3\u30c8\u30bb\u30f3\u30bf\u30fc\u3067\u30a2\u30fc\u30c6\u30a3\u30b9\u30c8\u30fb\u30a4\u30f3\u30fb\u30ec\u30b8\u30c7\u30f3\u30b9\u30d7\u30ed\u30b0\u30e9\u30e0\u306b\u53c2\u52a0\u3057\u3066\u3044\u308b\u30b8\u30e7\u30a2\u30a9\u30f3\u30fb\u30a2\u30f3\u30b8\u30a7\u30ea\u30fc\u30cb\u304c\u3001\u516c\u958b\u30c8\u30fc\u30af\u3092\u884c\u3044\u307e\u3059\u3002\u672c\u30c8\u30fc\u30af\u3067\u306f\u3001\u30ec\u30b8\u30c7\u30f3\u30b9\u671f\u9593\u4e2d\u306e\u5236\u4f5c\u30d7\u30ed\u30bb\u30b9\u3084\u30ea\u30b5\u30fc\u30c1\u306b\u3064\u3044\u3066\u5171\u6709\u3059\u308b\u3068\u3068\u3082\u306b\u3001\u30a2\u30fc\u30c6\u30a3\u30b9\u30c8\u304c\u81ea\u56fd\u3092\u96e2\u308c\u3001\u7570\u306a\u308b\u6587\u5316\u7684\u74b0\u5883\u3084\u571f\u5730\u3001\u82b8\u8853\u30b3\u30df\u30e5\u30cb\u30c6\u30a3\u3068\u76f4\u63a5\u95a2\u308f\u308b\u4e2d\u3067\u3001\u5275\u4f5c\u6d3b\u52d5\u304c\u3069\u306e\u3088\u3046\u306b\u5909\u5316\u3057\u3066\u3044\u304f\u306e\u304b\u3092\u63a2\u308a\u307e\u3059\u3002 \u672c\u30a4\u30d9\u30f3\u30c8\u3067\u306f\u3001\u9577\u5e74\u30d6\u30e9\u30b8\u30eb\u3067\u6d3b\u52d5\u3057\u3001\u7570\u6587\u5316\u306e\u4e2d\u3067\u91cd\u8981\u306a\u5236\u4f5c\u3092\u5c55\u958b\u3057\u3066\u304d\u305f\u65e5\u672c\u4eba\u30a2\u30fc\u30c6\u30a3\u30b9\u30c8\u3001\u5409\u6ca2\u592a\u3068\u306e\u5bfe\u8a71\u5f62\u5f0f\u3067\u9032\u884c\u3057\u307e\u3059\u3002\u4e8c\u4eba\u306e\u30a2\u30fc\u30c6\u30a3\u30b9\u30c8\u306e\u5bfe\u8a71\u3092\u901a\u3058\u3066\u3001\u62e0\u70b9\u3092\u96e2\u308c\u3066\u4ed6\u306e\u5834\u6240\u306b\u8eab\u3092\u7f6e\u304f\u7d4c\u9a13\u3084\u3001\u305d\u306e\u571f\u5730\u3078\u306e\u5e30\u5c5e\u306e\u611f\u899a\u3001\u305d\u3057\u3066\u6587\u5316\u7684\u4ea4\u6d41\u304c\u73fe\u4ee3\u7f8e\u8853\u306b\u3082\u305f\u3089\u3059\u5f71\u97ff\u306b\u3064\u3044\u3066\u8003\u5bdf\u3057\u307e\u3059\u3002 .\nArtist Talk\uff5cJo\u00e3o Angelini \u00d7 Futoshi Yoshizawa\nO artista Jo\u00e3o Angelini, atualmente em resid\u00eancia no Koganecho Area Management Center, participa de um talk p\u00fablico para compartilhar seu processo de produ\u00e7\u00e3o e pesquisa durante a resid\u00eancia art\u00edstica. A conversa aborda como a pr\u00e1tica art\u00edstica se transforma quando o artista est\u00e1 em tr\u00e2nsito, em contato direto com outros contextos culturais, territ\u00f3rios e comunidades art\u00edsticas.\nO encontro ser\u00e1 realizado em di\u00e1logo com o artista japon\u00eas Futoshi Yoshizawa, que viveu por muitos anos no Brasil e desenvolveu parte significativa de sua produ\u00e7\u00e3o fora de seu pa\u00eds de origem. A troca entre os dois artistas prop\u00f5e uma reflex\u00e3o sobre deslocamento, pertencimento e os impactos do interc\u00e2mbio cultural na arte contempor\u00e2nea. Data \/ \u65e5\u4ed8\uff1a 2026.02.27\nHor\u00e1rio \/ \u6642\u9593\uff1a 15:00\u201317:00\nAbertura de portas \/ \u958b\u5834\uff1a 14:45\nLocal \/ \u4f1a\u5834\uff1a Embaixada do Brasil \/ \u99d0\u65e5\u30d6\u30e9\u30b8\u30eb\u5927\u4f7f\u9928\nEndere\u00e7o \/ \u4f4f\u6240\uff1a\n2-11-12 Kita Aoyama, Minato-ku, Tokyo\n\u6771\u4eac\u90fd\u6e2f\u533a\u5317\u9752\u5c712-11-12 | \u99d0\u65e5\u30d6\u30e9\u30b8\u30eb\u5927\u4f7f\u9928"},"content":{"rendered":"<p>\u30a2\u30fc\u30c6\u30a3\u30b9\u30c8\u30c8\u30fc\u30af\uff5c\u30b8\u30e7\u30a2\u30a9\u30f3\u30fb\u30a2\u30f3\u30b8\u30a7\u30ea\u30fc\u30cb \u00d7 \u5409\u6ca2\u592a<\/p>\n<p>\u73fe\u5728\u3001\u9ec4\u91d1\u753a\u30a8\u30ea\u30a2\u30de\u30cd\u30b8\u30e1\u30f3\u30c8\u30bb\u30f3\u30bf\u30fc\u3067\u30a2\u30fc\u30c6\u30a3\u30b9\u30c8\u30fb\u30a4\u30f3\u30fb\u30ec\u30b8\u30c7\u30f3\u30b9\u30d7\u30ed\u30b0\u30e9\u30e0\u306b\u53c2\u52a0\u3057\u3066\u3044\u308b\u30b8\u30e7\u30a2\u30a9\u30f3\u30fb\u30a2\u30f3\u30b8\u30a7\u30ea\u30fc\u30cb\u304c\u3001\u516c\u958b\u30c8\u30fc\u30af\u3092\u884c\u3044\u307e\u3059\u3002\u672c\u30c8\u30fc\u30af\u3067\u306f\u3001\u30ec\u30b8\u30c7\u30f3\u30b9\u671f\u9593\u4e2d\u306e\u5236\u4f5c\u30d7\u30ed\u30bb\u30b9\u3084\u30ea\u30b5\u30fc\u30c1\u306b\u3064\u3044\u3066\u5171\u6709\u3059\u308b\u3068\u3068\u3082\u306b\u3001\u30a2\u30fc\u30c6\u30a3\u30b9\u30c8\u304c\u81ea\u56fd\u3092\u96e2\u308c\u3001\u7570\u306a\u308b\u6587\u5316\u7684\u74b0\u5883\u3084\u571f\u5730\u3001\u82b8\u8853\u30b3\u30df\u30e5\u30cb\u30c6\u30a3\u3068\u76f4\u63a5\u95a2\u308f\u308b\u4e2d\u3067\u3001\u5275\u4f5c\u6d3b\u52d5\u304c\u3069\u306e\u3088\u3046\u306b\u5909\u5316\u3057\u3066\u3044\u304f\u306e\u304b\u3092\u63a2\u308a\u307e\u3059\u3002<\/p>\n<p>\u672c\u30a4\u30d9\u30f3\u30c8\u3067\u306f\u3001\u9577\u5e74\u30d6\u30e9\u30b8\u30eb\u3067\u6d3b\u52d5\u3057\u3001\u7570\u6587\u5316\u306e\u4e2d\u3067\u91cd\u8981\u306a\u5236\u4f5c\u3092\u5c55\u958b\u3057\u3066\u304d\u305f\u65e5\u672c\u4eba\u30a2\u30fc\u30c6\u30a3\u30b9\u30c8\u3001\u5409\u6ca2\u592a\u3068\u306e\u5bfe\u8a71\u5f62\u5f0f\u3067\u9032\u884c\u3057\u307e\u3059\u3002\u4e8c\u4eba\u306e\u30a2\u30fc\u30c6\u30a3\u30b9\u30c8\u306e\u5bfe\u8a71\u3092\u901a\u3058\u3066\u3001\u62e0\u70b9\u3092\u96e2\u308c\u3066\u4ed6\u306e\u5834\u6240\u306b\u8eab\u3092\u7f6e\u304f\u7d4c\u9a13\u3084\u3001\u305d\u306e\u571f\u5730\u3078\u306e\u5e30\u5c5e\u306e\u611f\u899a\u3001\u305d\u3057\u3066\u6587\u5316\u7684\u4ea4\u6d41\u304c\u73fe\u4ee3\u7f8e\u8853\u306b\u3082\u305f\u3089\u3059\u5f71\u97ff\u306b\u3064\u3044\u3066\u8003\u5bdf\u3057\u307e\u3059\u3002<\/p>\n<p>.<br \/>\nArtist Talk\uff5cJo\u00e3o Angelini \u00d7 Futoshi Yoshizawa<br \/>\nO artista Jo\u00e3o Angelini, atualmente em resid\u00eancia no Koganecho Area Management Center, participa de um talk p\u00fablico para compartilhar seu processo de produ\u00e7\u00e3o e pesquisa durante a resid\u00eancia art\u00edstica. A conversa aborda como a pr\u00e1tica art\u00edstica se transforma quando o artista est\u00e1 em tr\u00e2nsito, em contato direto com outros contextos culturais, territ\u00f3rios e comunidades art\u00edsticas.<br \/>\nO encontro ser\u00e1 realizado em di\u00e1logo com o artista japon\u00eas Futoshi Yoshizawa, que viveu por muitos anos no Brasil e desenvolveu parte significativa de sua produ\u00e7\u00e3o fora de seu pa\u00eds de origem. A troca entre os dois artistas prop\u00f5e uma reflex\u00e3o sobre deslocamento, pertencimento e os impactos do interc\u00e2mbio cultural na arte contempor\u00e2nea.<\/p>\n<p>Data \/ \u65e5\u4ed8\uff1a 2026.02.27<br \/>\nHor\u00e1rio \/ \u6642\u9593\uff1a 15:00\u201317:00<br \/>\nAbertura de portas \/ \u958b\u5834\uff1a 14:45<br \/>\nLocal \/ \u4f1a\u5834\uff1a Embaixada do Brasil \/ \u99d0\u65e5\u30d6\u30e9\u30b8\u30eb\u5927\u4f7f\u9928<br \/>\nEndere\u00e7o \/ \u4f4f\u6240\uff1a<br \/>\n2-11-12 Kita Aoyama, Minato-ku, Tokyo<br \/>\n\u6771\u4eac\u90fd\u6e2f\u533a\u5317\u9752\u5c712-11-12 | \u99d0\u65e5\u30d6\u30e9\u30b8\u30eb\u5927\u4f7f\u9928 &#8211; Embaixada do Brasil em T\u00f3quio<\/p>\n","protected":false},"excerpt":{"rendered":"<p>\u30a2\u30fc\u30c6\u30a3\u30b9\u30c8\u30c8\u30fc\u30af\uff5c\u30b8\u30e7\u30a2\u30a9\u30f3\u30fb\u30a2\u30f3\u30b8\u30a7\u30ea\u30fc\u30cb \u00d7 \u5409\u6ca2\u592a \u73fe\u5728\u3001\u9ec4\u91d1\u753a\u30a8\u30ea\u30a2\u30de\u30cd\u30b8\u30e1\u30f3\u30c8\u30bb\u30f3\u30bf\u30fc\u3067\u30a2\u30fc\u30c6\u30a3\u30b9\u30c8\u30fb\u30a4\u30f3\u30fb\u30ec\u30b8\u30c7\u30f3\u30b9\u30d7\u30ed\u30b0\u30e9\u30e0\u306b\u53c2\u52a0\u3057\u3066\u3044\u308b\u30b8\u30e7\u30a2\u30a9\u30f3\u30fb\u30a2\u30f3\u30b8\u30a7\u30ea\u30fc\u30cb\u304c\u3001\u516c\u958b\u30c8\u30fc\u30af\u3092\u884c\u3044\u307e\u3059\u3002\u672c\u30c8\u30fc\u30af\u3067\u306f\u3001<\/p>\n","protected":false},"author":2,"featured_media":2771453,"comment_status":"","ping_status":"","sticky":false,"template":"","format":"standard","meta":{"footnotes":"","_share_on_mastodon":"0"},"categories":[785160],"tags":[30353,1656],"class_list":{"0":"post-2771452","1":"post","2":"type-post","3":"status-publish","4":"format-standard","5":"has-post-thumbnail","7":"category-brazil","8":"tag-brazil","9":"tag-1656"},"share_on_mastodon":{"url":"","error":"Validation failed: Text character limit of 500 exceeded"},"_links":{"self":[{"href":"https:\/\/www.wacoca.com\/news\/wp-json\/wp\/v2\/posts\/2771452","targetHints":{"allow":["GET"]}}],"collection":[{"href":"https:\/\/www.wacoca.com\/news\/wp-json\/wp\/v2\/posts"}],"about":[{"href":"https:\/\/www.wacoca.com\/news\/wp-json\/wp\/v2\/types\/post"}],"author":[{"embeddable":true,"href":"https:\/\/www.wacoca.com\/news\/wp-json\/wp\/v2\/users\/2"}],"replies":[{"embeddable":true,"href":"https:\/\/www.wacoca.com\/news\/wp-json\/wp\/v2\/comments?post=2771452"}],"version-history":[{"count":0,"href":"https:\/\/www.wacoca.com\/news\/wp-json\/wp\/v2\/posts\/2771452\/revisions"}],"wp:featuredmedia":[{"embeddable":true,"href":"https:\/\/www.wacoca.com\/news\/wp-json\/wp\/v2\/media\/2771453"}],"wp:attachment":[{"href":"https:\/\/www.wacoca.com\/news\/wp-json\/wp\/v2\/media?parent=2771452"}],"wp:term":[{"taxonomy":"category","embeddable":true,"href":"https:\/\/www.wacoca.com\/news\/wp-json\/wp\/v2\/categories?post=2771452"},{"taxonomy":"post_tag","embeddable":true,"href":"https:\/\/www.wacoca.com\/news\/wp-json\/wp\/v2\/tags?post=2771452"}],"curies":[{"name":"wp","href":"https:\/\/api.w.org\/{rel}","templated":true}]}}