{"id":2762071,"date":"2026-02-06T10:27:26","date_gmt":"2026-02-06T10:27:26","guid":{"rendered":"https:\/\/www.wacoca.com\/news\/2762071\/"},"modified":"2026-02-06T10:27:26","modified_gmt":"2026-02-06T10:27:26","slug":"%e3%83%96%e3%83%a9%e3%82%b8%e3%83%ab%e5%a4%a7%e4%bd%bf%e9%a4%a8%e3%81%af%e3%80%81%e5%a4%a7%e5%a4%89%e5%ac%89%e3%81%97%e3%81%84%e7%89%b9%e5%88%a5%e3%81%aa%e5%b9%b8%e9%81%8b%e3%81%ab%e6%81%b5%e3%81%be","status":"publish","type":"post","link":"https:\/\/www.wacoca.com\/news\/2762071\/","title":{"rendered":"\u30d6\u30e9\u30b8\u30eb\u5927\u4f7f\u9928\u306f\u3001\u5927\u5909\u5b09\u3057\u3044\u7279\u5225\u306a\u5e78\u904b\u306b\u6075\u307e\u308c\u307e\u3057\u305f\u3002\u8457\u540d\u306a\u65e5\u7cfb\u30d6\u30e9\u30b8\u30eb\u4eba\u82b8\u8853\u5bb6\u3001\u30de\u30ca\u30d6\u30fb\u30de\u30d9\u6c0f\u304a\u3088\u3073\u30e6\u30fc\u30b4\u30fb\u30de\u30d9\u6c0f\u306e\u7248\u753b\u306e\u5bc4\u8d08\u3092\u8cdc\u308a\u307e\u3057\u305f\u3002\n\u62bd\u8c61\u753b\u306e\u5de8\u5320 \u30de\u30ca\u30d6\u30fb\u30de\u30d9\u6c0f\u3001\u305d\u3057\u3066\u305d\u306e\u5b50\u606f\u3067\u3042\u308a\u3001\u7d75\u753b\u306b\u304a\u3051\u308b\u611f\u6027\u3068\u8a69\u7684\u306a\u529b\u5f37\u3055\u304c\u9ad8\u304f\u8a55\u4fa1\u3055\u308c\u3066\u3044\u308b\u30e6\u30fc\u30b4\u30fb\u30de\u30d9\u6c0f\u306f\u3001\u305d\u306e\u9bae\u3084\u304b\u3067\u72ec\u7279\u306a\u4f5c\u54c1\u3067\u4e16\u4ee3\u3092\u8d85\u3048\u305f\u5f71\u97ff\u529b\u3092\u53ca\u307c\u3057\u3066\u3044\u307e\u3059\u3002\n\u4eca\u56de\u306e\u5bc4\u8d08\u306f\u3001\u30de\u30ca\u30d6\u6c0f\u306e\u4ee4\u5b6b\u3067\u30e6\u30fc\u30b4\u6c0f\u306e\u5b50\u606f\u3067\u3042\u308b\u30e6\u30fc\u30b4\u30fb\u30de\u30d9\u30fb\u30b8\u30e5\u30cb\u30aa\u30eb\u6c0f\uff08@yugojr\uff09\u304c\u30011\u670822\u65e5\u306b\u5f53\u5927\u4f7f\u9928\u3092\u76f4\u63a5\u8a2a\u308c\u3001\u6b63\u5f0f\u306b\u8d08\u5448\u3057\u3066\u4e0b\u3055\u3063\u305f\u3053\u3068\u304b\u3089\u3001\u3055\u3089\u306b\u7279\u5225\u306a\u610f\u5473\u3092\u3082\u3064\u3082\u306e\u3068\u306a\u308a\u307e\u3057\u305f\u3002\n\u5f53\u9928\u306b\u91cd\u8981\u306a\u82b8\u8853\u7684\u907a\u7523\u3092\u4fdd\u5b58\u30fb\u5171\u6709\u3059\u308b\u6a5f\u4f1a\u3092\u4e0e\u3048\u3066\u304f\u3060\u3055\u3063\u305f\u3054\u539a\u610f\u306b\u3001\u5fc3\u3088\u308a\u611f\u8b1d\u7533\u3057\u4e0a\u3052\u307e\u3059\u3002 .\nCelebramos um momento especial para a Embaixada: recebemos a doa\u00e7\u00e3o de gravuras dos renomados artistas Manabu Mabe e Yugo Mabe, dois grandes artistas nipo-brasileiros.\nManabu Mabe, refer\u00eancia na arte abstrata, e seu filho Yugo Mabe, reconhecido por sua sensibilidade e for\u00e7a po\u00e9tica na pintura, marcaram gera\u00e7\u00f5es com suas obras vibrantes e singulares.\nA doa\u00e7\u00e3o teve um significado ainda mais especial por terem sido entregues pessoalmente por Yugo Mabe Junior (@yugojr), neto e filho dos artistas, que visitou a Embaixada no dia 22 de janeiro para entregar as obras.\nAgradecemos profundamente a generosidade e a oportunidade de preservar e compartilhar esse legado art\u00edstico t\u00e3o importante. | \u99d0\u65e5\u30d6\u30e9\u30b8\u30eb\u5927\u4f7f\u9928"},"content":{"rendered":"<p>\u30d6\u30e9\u30b8\u30eb\u5927\u4f7f\u9928\u306f\u3001\u5927\u5909\u5b09\u3057\u3044\u7279\u5225\u306a\u5e78\u904b\u306b\u6075\u307e\u308c\u307e\u3057\u305f\u3002\u8457\u540d\u306a\u65e5\u7cfb\u30d6\u30e9\u30b8\u30eb\u4eba\u82b8\u8853\u5bb6\u3001\u30de\u30ca\u30d6\u30fb\u30de\u30d9\u6c0f\u304a\u3088\u3073\u30e6\u30fc\u30b4\u30fb\u30de\u30d9\u6c0f\u306e\u7248\u753b\u306e\u5bc4\u8d08\u3092\u8cdc\u308a\u307e\u3057\u305f\u3002<br \/>\n\u62bd\u8c61\u753b\u306e\u5de8\u5320 \u30de\u30ca\u30d6\u30fb\u30de\u30d9\u6c0f\u3001\u305d\u3057\u3066\u305d\u306e\u5b50\u606f\u3067\u3042\u308a\u3001\u7d75\u753b\u306b\u304a\u3051\u308b\u611f\u6027\u3068\u8a69\u7684\u306a\u529b\u5f37\u3055\u304c\u9ad8\u304f\u8a55\u4fa1\u3055\u308c\u3066\u3044\u308b\u30e6\u30fc\u30b4\u30fb\u30de\u30d9\u6c0f\u306f\u3001\u305d\u306e\u9bae\u3084\u304b\u3067\u72ec\u7279\u306a\u4f5c\u54c1\u3067\u4e16\u4ee3\u3092\u8d85\u3048\u305f\u5f71\u97ff\u529b\u3092\u53ca\u307c\u3057\u3066\u3044\u307e\u3059\u3002<br \/>\n\u4eca\u56de\u306e\u5bc4\u8d08\u306f\u3001\u30de\u30ca\u30d6\u6c0f\u306e\u4ee4\u5b6b\u3067\u30e6\u30fc\u30b4\u6c0f\u306e\u5b50\u606f\u3067\u3042\u308b\u30e6\u30fc\u30b4\u30fb\u30de\u30d9\u30fb\u30b8\u30e5\u30cb\u30aa\u30eb\u6c0f\uff08@yugojr\uff09\u304c\u30011\u670822\u65e5\u306b\u5f53\u5927\u4f7f\u9928\u3092\u76f4\u63a5\u8a2a\u308c\u3001\u6b63\u5f0f\u306b\u8d08\u5448\u3057\u3066\u4e0b\u3055\u3063\u305f\u3053\u3068\u304b\u3089\u3001\u3055\u3089\u306b\u7279\u5225\u306a\u610f\u5473\u3092\u3082\u3064\u3082\u306e\u3068\u306a\u308a\u307e\u3057\u305f\u3002<br \/>\n\u5f53\u9928\u306b\u91cd\u8981\u306a\u82b8\u8853\u7684\u907a\u7523\u3092\u4fdd\u5b58\u30fb\u5171\u6709\u3059\u308b\u6a5f\u4f1a\u3092\u4e0e\u3048\u3066\u304f\u3060\u3055\u3063\u305f\u3054\u539a\u610f\u306b\u3001\u5fc3\u3088\u308a\u611f\u8b1d\u7533\u3057\u4e0a\u3052\u307e\u3059\u3002<\/p>\n<p>.<br \/>\nCelebramos um momento especial para a Embaixada: recebemos a doa\u00e7\u00e3o de gravuras dos renomados artistas Manabu Mabe e Yugo Mabe, dois grandes artistas nipo-brasileiros.<br \/>\nManabu Mabe, refer\u00eancia na arte abstrata, e seu filho Yugo Mabe, reconhecido por sua sensibilidade e for\u00e7a po\u00e9tica na pintura, marcaram gera\u00e7\u00f5es com suas obras vibrantes e singulares.<br \/>\nA doa\u00e7\u00e3o teve um significado ainda mais especial por terem sido entregues pessoalmente por Yugo Mabe Junior (@yugojr), neto e filho dos artistas, que visitou a Embaixada no dia 22 de janeiro para entregar as obras.<br \/>\nAgradecemos profundamente a generosidade e a oportunidade de preservar e compartilhar esse legado art\u00edstico t\u00e3o importante. | \u99d0\u65e5\u30d6\u30e9\u30b8\u30eb\u5927\u4f7f\u9928 &#8211; Embaixada do Brasil em T\u00f3quio<\/p>\n","protected":false},"excerpt":{"rendered":"<p>\u30d6\u30e9\u30b8\u30eb\u5927\u4f7f\u9928\u306f\u3001\u5927\u5909\u5b09\u3057\u3044\u7279\u5225\u306a\u5e78\u904b\u306b\u6075\u307e\u308c\u307e\u3057\u305f\u3002\u8457\u540d\u306a\u65e5\u7cfb\u30d6\u30e9\u30b8\u30eb\u4eba\u82b8\u8853\u5bb6\u3001\u30de\u30ca\u30d6\u30fb\u30de\u30d9\u6c0f\u304a\u3088\u3073\u30e6\u30fc\u30b4\u30fb\u30de\u30d9\u6c0f\u306e\u7248\u753b\u306e\u5bc4\u8d08\u3092\u8cdc\u308a\u307e\u3057\u305f\u3002 \u62bd\u8c61\u753b\u306e\u5de8\u5320 \u30de\u30ca\u30d6\u30fb\u30de\u30d9\u6c0f\u3001\u305d\u3057\u3066\u305d\u306e\u5b50\u606f\u3067\u3042\u308a\u3001\u7d75\u753b\u306b\u304a\u3051\u308b\u611f\u6027\u3068\u8a69\u7684\u306a<\/p>\n","protected":false},"author":2,"featured_media":2762072,"comment_status":"","ping_status":"","sticky":false,"template":"","format":"standard","meta":{"footnotes":"","_share_on_mastodon":"0"},"categories":[785160],"tags":[30353,1656],"class_list":{"0":"post-2762071","1":"post","2":"type-post","3":"status-publish","4":"format-standard","5":"has-post-thumbnail","7":"category-brazil","8":"tag-brazil","9":"tag-1656"},"share_on_mastodon":{"url":"","error":"Validation failed: Text character limit of 500 exceeded"},"_links":{"self":[{"href":"https:\/\/www.wacoca.com\/news\/wp-json\/wp\/v2\/posts\/2762071","targetHints":{"allow":["GET"]}}],"collection":[{"href":"https:\/\/www.wacoca.com\/news\/wp-json\/wp\/v2\/posts"}],"about":[{"href":"https:\/\/www.wacoca.com\/news\/wp-json\/wp\/v2\/types\/post"}],"author":[{"embeddable":true,"href":"https:\/\/www.wacoca.com\/news\/wp-json\/wp\/v2\/users\/2"}],"replies":[{"embeddable":true,"href":"https:\/\/www.wacoca.com\/news\/wp-json\/wp\/v2\/comments?post=2762071"}],"version-history":[{"count":0,"href":"https:\/\/www.wacoca.com\/news\/wp-json\/wp\/v2\/posts\/2762071\/revisions"}],"wp:featuredmedia":[{"embeddable":true,"href":"https:\/\/www.wacoca.com\/news\/wp-json\/wp\/v2\/media\/2762072"}],"wp:attachment":[{"href":"https:\/\/www.wacoca.com\/news\/wp-json\/wp\/v2\/media?parent=2762071"}],"wp:term":[{"taxonomy":"category","embeddable":true,"href":"https:\/\/www.wacoca.com\/news\/wp-json\/wp\/v2\/categories?post=2762071"},{"taxonomy":"post_tag","embeddable":true,"href":"https:\/\/www.wacoca.com\/news\/wp-json\/wp\/v2\/tags?post=2762071"}],"curies":[{"name":"wp","href":"https:\/\/api.w.org\/{rel}","templated":true}]}}