{"id":2761150,"date":"2026-02-05T08:54:50","date_gmt":"2026-02-05T08:54:50","guid":{"rendered":"https:\/\/www.wacoca.com\/news\/2761150\/"},"modified":"2026-02-05T08:54:50","modified_gmt":"2026-02-05T08:54:50","slug":"%f0%9f%87%a7%f0%9f%87%b7%f0%9f%87%aa%f0%9f%87%ba-%e3%83%a1%e3%83%ab%e3%82%b3%e3%82%b9%e3%83%bc%e3%83%ab%e3%83%bb%e6%ac%a7%e5%b7%9e%e9%80%a3%e5%90%88%ef%bc%88eu%ef%bc%89%e3%83%91%e3%83%bc%e3%83%88","status":"publish","type":"post","link":"https:\/\/www.wacoca.com\/news\/2761150\/","title":{"rendered":"\ud83c\udde7\ud83c\uddf7\ud83c\uddea\ud83c\uddfa \u30e1\u30eb\u30b3\u30b9\u30fc\u30eb\u30fb\u6b27\u5dde\u9023\u5408\uff08EU\uff09\u30d1\u30fc\u30c8\u30ca\u30fc\u30b7\u30c3\u30d7\u5354\u5b9a\u306e\u627f\u8a8d \ud83c\udde7\ud83c\uddf7\ud83c\uddea\ud83c\uddfa \u30d6\u30e9\u30b8\u30eb\u306f\u30012026\u5e741\u67089\u65e5\u306b\u958b\u50ac\u3055\u308c\u305fEU\u7406\u4e8b\u4f1a\u3067\u3001\u30e1\u30eb\u30b3\u30b9\u30fc\u30eb\u30fbEU\u30d1\u30fc\u30c8\u30ca\u30fc\u30b7\u30c3\u30d7\u5354\u5b9a\u306e\u7f72\u540d\u627f\u8a8d\u304c\u6c7a\u5b9a\u3055\u308c\u305f\u3053\u3068\u3092\u3001\u559c\u3073\u3092\u3082\u3063\u3066\u6b53\u8fce\u3057\u307e\u3059\u3002 \u7f72\u540d\u5f0f\u306f\u3001\u30e1\u30eb\u30b3\u30b9\u30fc\u30eb\u8af8\u56fd\u304a\u3088\u3073EU\u5074\u3068\u306e\u9593\u3067\u5408\u610f\u3055\u308c\u308b\u65e5\u6642\u304a\u3088\u3073\u5834\u6240\u306b\u304a\u3044\u3066\u5b9f\u65bd\u3055\u308c\u308b\u4e88\u5b9a\u3067\u3059\u3002 \u4eca\u56de\u306eEU\u7406\u4e8b\u4f1a\u306b\u3088\u308b\u627f\u8a8d\u306b\u3088\u308a\u3001\u4ea4\u6e09\u958b\u59cb\u304b\u308926\u5e74\u4ee5\u4e0a\u3092\u7d4c\u3066\u3001\u672c\u30d1\u30fc\u30c8\u30ca\u30fc\u30b7\u30c3\u30d7\u5354\u5b9a\u306e\u7f72\u540d\u304c\u53ef\u80fd\u3068\u306a\u308a\u307e\u3059\u3002 \u672c\u5354\u5b9a\u306f\u3001\u4e16\u754c\u6700\u5927\u7d1a\u306e\u4e8c\u3064\u306e\u7d4c\u6e08\u570f\u3092\u7d50\u3073\u3001\u7d047\u51042,000\u4e07\u4eba\u306e\u4eba\u53e3\u306822\u5146\u7c73\u30c9\u30eb\u3092\u8d85\u3048\u308b\u56fd\u5185\u7dcf\u751f\u7523\uff08GDP\uff09\u3092\u64c1\u3059\u308b\u3082\u306e\u3067\u3059\u3002\u3053\u308c\u306f\u3001\u30e1\u30eb\u30b3\u30b9\u30fc\u30eb\u304c\u4ea4\u6e09\u3057\u3066\u304d\u305f\u901a\u5546\u5354\u5b9a\u306e\u4e2d\u3067\u6700\u5927\u898f\u6a21\u306e\u3082\u306e\u3067\u3042\u308a\u3001EU\u304c\u901a\u5546\u30d1\u30fc\u30c8\u30ca\u30fc\u3068\u7de0\u7d50\u3057\u3066\u304d\u305f\u5354\u5b9a\u306e\u4e2d\u3067\u3082\u6700\u5927\u7d1a\u306e\u4e00\u3064\u3067\u3059\u3002 #\u30d6\u30e9\u30b8\u30eb\u6b27\u5dde\u9023\u5408 #\u30d6\u30e9\u30b8\u30ebEU #\u30e1\u30eb\u30b3\u30b9\u30fc\u30eb\u6b27\u5dde\u9023\u5408\u5354\u5b9a #\u30e1\u30eb\u30b3\u30b9\u30fc\u30ebEU .\n\ud83c\udde7\ud83c\uddf7\ud83c\uddea\ud83c\uddfa Aprova\u00e7\u00e3o do Acordo de Parceria MERCOSUL-Uni\u00e3o Europeia \ud83c\udde7\ud83c\uddf7\ud83c\uddea\ud83c\uddfa \u00c9 com entusiasmo que o Brasil sa\u00fada a decis\u00e3o, em reuni\u00e3o do Conselho da Uni\u00e3o Europeia realizada em 9\/1\/2026, de aprovar a assinatura do Acordo de Parceria MERCOSUL-Uni\u00e3o Europeia. A cerim\u00f4nia de assinatura dever\u00e1 ocorrer em data e local a serem acordados em conjunto entre os pa\u00edses do MERCOSUL e o lado europeu.\nA aprova\u00e7\u00e3o pelas inst\u00e2ncias comunit\u00e1rias europeias permitir\u00e1 que o Acordo de Parceria seja assinado, depois de mais de 26 anos do in\u00edcio das negocia\u00e7\u00f5es. O Acordo integrar\u00e1 dois dos maiores blocos econ\u00f4micos do mundo, reunindo cerca de 720 milh\u00f5es de pessoas e Produto Interno Bruto (PIB) de mais de US$ 22 trilh\u00f5es de d\u00f3lares. Trata-se do maior acordo comercial negociado pelo MERCOSUL e um dos maiores dentre aqueles pactuados pela Uni\u00e3o Europeia com parceiros comerciais. #brasiluni\u00e3oeuropeia #brasilue #acordomercosuluni\u00e3oeuropeia #mercosulue | \u99d0\u65e5\u30d6\u30e9\u30b8\u30eb\u5927\u4f7f\u9928"},"content":{"rendered":"<p>\ud83c\udde7\ud83c\uddf7\ud83c\uddea\ud83c\uddfa \u30e1\u30eb\u30b3\u30b9\u30fc\u30eb\u30fb\u6b27\u5dde\u9023\u5408\uff08EU\uff09\u30d1\u30fc\u30c8\u30ca\u30fc\u30b7\u30c3\u30d7\u5354\u5b9a\u306e\u627f\u8a8d \ud83c\udde7\ud83c\uddf7\ud83c\uddea\ud83c\uddfa <\/p>\n<p>\u30d6\u30e9\u30b8\u30eb\u306f\u30012026\u5e741\u67089\u65e5\u306b\u958b\u50ac\u3055\u308c\u305fEU\u7406\u4e8b\u4f1a\u3067\u3001\u30e1\u30eb\u30b3\u30b9\u30fc\u30eb\u30fbEU\u30d1\u30fc\u30c8\u30ca\u30fc\u30b7\u30c3\u30d7\u5354\u5b9a\u306e\u7f72\u540d\u627f\u8a8d\u304c\u6c7a\u5b9a\u3055\u308c\u305f\u3053\u3068\u3092\u3001\u559c\u3073\u3092\u3082\u3063\u3066\u6b53\u8fce\u3057\u307e\u3059\u3002<\/p>\n<p>\u7f72\u540d\u5f0f\u306f\u3001\u30e1\u30eb\u30b3\u30b9\u30fc\u30eb\u8af8\u56fd\u304a\u3088\u3073EU\u5074\u3068\u306e\u9593\u3067\u5408\u610f\u3055\u308c\u308b\u65e5\u6642\u304a\u3088\u3073\u5834\u6240\u306b\u304a\u3044\u3066\u5b9f\u65bd\u3055\u308c\u308b\u4e88\u5b9a\u3067\u3059\u3002<\/p>\n<p>\u4eca\u56de\u306eEU\u7406\u4e8b\u4f1a\u306b\u3088\u308b\u627f\u8a8d\u306b\u3088\u308a\u3001\u4ea4\u6e09\u958b\u59cb\u304b\u308926\u5e74\u4ee5\u4e0a\u3092\u7d4c\u3066\u3001\u672c\u30d1\u30fc\u30c8\u30ca\u30fc\u30b7\u30c3\u30d7\u5354\u5b9a\u306e\u7f72\u540d\u304c\u53ef\u80fd\u3068\u306a\u308a\u307e\u3059\u3002<\/p>\n<p>\u672c\u5354\u5b9a\u306f\u3001\u4e16\u754c\u6700\u5927\u7d1a\u306e\u4e8c\u3064\u306e\u7d4c\u6e08\u570f\u3092\u7d50\u3073\u3001\u7d047\u51042,000\u4e07\u4eba\u306e\u4eba\u53e3\u306822\u5146\u7c73\u30c9\u30eb\u3092\u8d85\u3048\u308b\u56fd\u5185\u7dcf\u751f\u7523\uff08GDP\uff09\u3092\u64c1\u3059\u308b\u3082\u306e\u3067\u3059\u3002\u3053\u308c\u306f\u3001\u30e1\u30eb\u30b3\u30b9\u30fc\u30eb\u304c\u4ea4\u6e09\u3057\u3066\u304d\u305f\u901a\u5546\u5354\u5b9a\u306e\u4e2d\u3067\u6700\u5927\u898f\u6a21\u306e\u3082\u306e\u3067\u3042\u308a\u3001EU\u304c\u901a\u5546\u30d1\u30fc\u30c8\u30ca\u30fc\u3068\u7de0\u7d50\u3057\u3066\u304d\u305f\u5354\u5b9a\u306e\u4e2d\u3067\u3082\u6700\u5927\u7d1a\u306e\u4e00\u3064\u3067\u3059\u3002<\/p>\n<p>#\u30d6\u30e9\u30b8\u30eb\u6b27\u5dde\u9023\u5408 #\u30d6\u30e9\u30b8\u30ebEU #\u30e1\u30eb\u30b3\u30b9\u30fc\u30eb\u6b27\u5dde\u9023\u5408\u5354\u5b9a #\u30e1\u30eb\u30b3\u30b9\u30fc\u30ebEU<\/p>\n<p>.<br \/>\n\ud83c\udde7\ud83c\uddf7\ud83c\uddea\ud83c\uddfa Aprova\u00e7\u00e3o do Acordo de Parceria MERCOSUL-Uni\u00e3o Europeia \ud83c\udde7\ud83c\uddf7\ud83c\uddea\ud83c\uddfa <\/p>\n<p>\u00c9 com entusiasmo que o Brasil sa\u00fada a decis\u00e3o, em reuni\u00e3o do Conselho da Uni\u00e3o Europeia realizada em 9\/1\/2026, de aprovar a assinatura do Acordo de Parceria MERCOSUL-Uni\u00e3o Europeia.<br \/>\nA cerim\u00f4nia de assinatura dever\u00e1 ocorrer em data e local a serem acordados em conjunto entre os pa\u00edses do MERCOSUL e o lado europeu.<br \/>\nA aprova\u00e7\u00e3o pelas inst\u00e2ncias comunit\u00e1rias europeias permitir\u00e1 que o Acordo de Parceria seja assinado, depois de mais de 26 anos do in\u00edcio das negocia\u00e7\u00f5es.<br \/>\nO Acordo integrar\u00e1 dois dos maiores blocos econ\u00f4micos do mundo, reunindo cerca de 720 milh\u00f5es de pessoas e Produto Interno Bruto (PIB) de mais de US$ 22 trilh\u00f5es de d\u00f3lares. Trata-se do maior acordo comercial negociado pelo MERCOSUL e um dos maiores dentre aqueles pactuados pela Uni\u00e3o Europeia com parceiros comerciais.<\/p>\n<p>#brasiluni\u00e3oeuropeia #brasilue #acordomercosuluni\u00e3oeuropeia #mercosulue | \u99d0\u65e5\u30d6\u30e9\u30b8\u30eb\u5927\u4f7f\u9928 &#8211; Embaixada do Brasil em T\u00f3quio<\/p>\n","protected":false},"excerpt":{"rendered":"<p>\ud83c\udde7\ud83c\uddf7\ud83c\uddea\ud83c\uddfa \u30e1\u30eb\u30b3\u30b9\u30fc\u30eb\u30fb\u6b27\u5dde\u9023\u5408\uff08EU\uff09\u30d1\u30fc\u30c8\u30ca\u30fc\u30b7\u30c3\u30d7\u5354\u5b9a\u306e\u627f\u8a8d \ud83c\udde7\ud83c\uddf7\ud83c\uddea\ud83c\uddfa \u30d6\u30e9\u30b8\u30eb\u306f\u30012026\u5e741\u67089\u65e5\u306b\u958b\u50ac\u3055\u308c\u305fEU\u7406\u4e8b\u4f1a\u3067\u3001\u30e1\u30eb\u30b3\u30b9\u30fc\u30eb\u30fbEU\u30d1\u30fc\u30c8\u30ca\u30fc\u30b7\u30c3\u30d7\u5354\u5b9a\u306e\u7f72\u540d\u627f\u8a8d\u304c\u6c7a\u5b9a\u3055\u308c\u305f\u3053\u3068\u3092\u3001\u559c\u3073\u3092\u3082\u3063\u3066\u6b53\u8fce\u3057<\/p>\n","protected":false},"author":2,"featured_media":2761151,"comment_status":"","ping_status":"","sticky":false,"template":"","format":"standard","meta":{"footnotes":"","_share_on_mastodon":"0"},"categories":[389806],"tags":[4626,188914,402363,7293,2482,421193],"class_list":{"0":"post-2761150","1":"post","2":"type-post","3":"status-publish","4":"format-standard","5":"has-post-thumbnail","7":"category-europe","8":"tag-eu","9":"tag-europe","10":"tag-european-union","11":"tag-7293","12":"tag-2482","13":"tag-421193"},"share_on_mastodon":{"url":"","error":"Validation failed: Text character limit of 500 exceeded"},"_links":{"self":[{"href":"https:\/\/www.wacoca.com\/news\/wp-json\/wp\/v2\/posts\/2761150","targetHints":{"allow":["GET"]}}],"collection":[{"href":"https:\/\/www.wacoca.com\/news\/wp-json\/wp\/v2\/posts"}],"about":[{"href":"https:\/\/www.wacoca.com\/news\/wp-json\/wp\/v2\/types\/post"}],"author":[{"embeddable":true,"href":"https:\/\/www.wacoca.com\/news\/wp-json\/wp\/v2\/users\/2"}],"replies":[{"embeddable":true,"href":"https:\/\/www.wacoca.com\/news\/wp-json\/wp\/v2\/comments?post=2761150"}],"version-history":[{"count":0,"href":"https:\/\/www.wacoca.com\/news\/wp-json\/wp\/v2\/posts\/2761150\/revisions"}],"wp:featuredmedia":[{"embeddable":true,"href":"https:\/\/www.wacoca.com\/news\/wp-json\/wp\/v2\/media\/2761151"}],"wp:attachment":[{"href":"https:\/\/www.wacoca.com\/news\/wp-json\/wp\/v2\/media?parent=2761150"}],"wp:term":[{"taxonomy":"category","embeddable":true,"href":"https:\/\/www.wacoca.com\/news\/wp-json\/wp\/v2\/categories?post=2761150"},{"taxonomy":"post_tag","embeddable":true,"href":"https:\/\/www.wacoca.com\/news\/wp-json\/wp\/v2\/tags?post=2761150"}],"curies":[{"name":"wp","href":"https:\/\/api.w.org\/{rel}","templated":true}]}}