{"id":2760953,"date":"2026-02-05T02:48:44","date_gmt":"2026-02-05T02:48:44","guid":{"rendered":"https:\/\/www.wacoca.com\/news\/2760953\/"},"modified":"2026-02-05T02:48:44","modified_gmt":"2026-02-05T02:48:44","slug":"%e3%82%a2%e3%82%b5%e3%82%a4%e3%83%bc%e3%81%8c%e3%81%a9%e3%81%93%e3%81%a7%e7%94%9f%e7%94%a3%e3%81%95%e3%82%8c%e3%81%a6%e3%81%84%e3%82%8b%e3%81%8b%e3%81%94%e5%ad%98%e3%81%98%e3%81%a7%e3%81%99%e3%81%8b","status":"publish","type":"post","link":"https:\/\/www.wacoca.com\/news\/2760953\/","title":{"rendered":"\u30a2\u30b5\u30a4\u30fc\u304c\u3069\u3053\u3067\u751f\u7523\u3055\u308c\u3066\u3044\u308b\u304b\u3054\u5b58\u3058\u3067\u3059\u304b\uff1f\n\u5b9f\u306f\u3001\u4e16\u754c\u306e\u30a2\u30b5\u30a4\u30fc\u751f\u7523\u91cf\u306e9\u5272\u4ee5\u4e0a\u3092\u30d6\u30e9\u30b8\u30eb\u304c\u5360\u3081\u3066\u3044\u307e\u3059\u3002 \u30d6\u30e9\u30b8\u30eb\u56fd\u5185\u306e\u30a2\u30de\u30be\u30f3\u5730\u57df\u3092\u4e2d\u5fc3\u306b\u751f\u7523\u3055\u308c\u3066\u3044\u308b\u30a2\u30b5\u30a4\u30fc\u306f\u3001\u4e3b\u306b\u6c34\u306b\u6d78\u304b\u308a\u3084\u3059\u3044\u571f\u5730\u3084\u68ee\u6797\u5730\u5e2f\u3067\u80b2\u3066\u3089\u308c\u3001\u6691\u304f\u3066\u6e7f\u5ea6\u306e\u9ad8\u3044\u5730\u57df\u306e\u6c17\u5019\u306b\u5408\u3063\u305f\u4f5c\u7269\u3067\u3059\u3002 \u3053\u3046\u3057\u305f\u74b0\u5883\u306e\u4e2d\u3067\u3001\u30a2\u30b5\u30a4\u30fc\u306f\u3001\u307b\u304b\u306e\u690d\u7269\u3084\u6728\u3092\u540c\u3058\u571f\u5730\u3067\u8a08\u753b\u7684\u304b\u3064\u6301\u7d9a\u53ef\u80fd\u306a\u5f62\u3067\u80b2\u3066\u308b\u3001\u74b0\u5883\u306b\u914d\u616e\u3057\u305f\u300c\u30a2\u30b0\u30ed\u30d5\u30a9\u30ec\u30b9\u30c8\u30ea\u30fc\u30b7\u30b9\u30c6\u30e0\u300d\u3068\u547c\u3070\u308c\u308b\u65b9\u6cd5\u3067\u683d\u57f9\u3055\u308c\u3066\u3044\u307e\u3059\u3002 \u3053\u306e\u65b9\u6cd5\u306f\u30a2\u30de\u30be\u30f3\u5730\u57df\u3067\u5e83\u304f\u4f7f\u308f\u308c\u3066\u304a\u308a\u3001\u571f\u58cc\u3084\u751f\u7269\u591a\u69d8\u6027\u3092\u5b88\u308a\u306a\u304c\u3089\u3001\u53ce\u76ca\u3092\u751f\u307f\u51fa\u3057\u3001\u68ee\u6797\u306e\u4fdd\u5168\u306b\u3082\u3064\u306a\u304c\u3063\u3066\u3044\u307e\u3059\u3002 \u30d6\u30e9\u30b8\u30eb\u306f\u3001\u4e16\u754c\u306e\u30a2\u30b5\u30a4\u30fc\u751f\u7523\u3068\u8f38\u51fa\u306b\u304a\u3044\u3066\u5727\u5012\u7684\u306a\u30b7\u30a7\u30a2\u3092\u8a87\u3063\u3066\u304a\u308a\u3001\u4e16\u754c\u5168\u4f53\u306e\u4f9b\u7d66\u91cf\u306e\u304a\u3088\u305d9\u5272\u3092\u62c5\u3063\u3066\u3044\u307e\u3059\u3002\u305d\u306e\u4e2d\u5fc3\u306f\u30a2\u30de\u30be\u30f3\u5730\u57df\u306b\u3042\u308a\u3001\u7279\u306b\u30d1\u30e9\u30fc\u5dde\u304c\u4e3b\u8981\u306a\u751f\u7523\u5730\u3068\u306a\u3063\u3066\u3044\u307e\u3059\u3002\u3055\u3089\u306b\u3001\u30a2\u30de\u30be\u30ca\u30b9\u5dde\u3084\u30a2\u30de\u30d1\u30fc\u5dde\u306a\u3069\u3001\u5317\u90e8\u306e\u307b\u304b\u306e\u5dde\u3082\u751f\u7523\u306b\u8ca2\u732e\u3057\u3066\u3044\u307e\u3059\u3002\n\u8fd1\u5e74\u3001\u4e16\u754c\u7684\u306b\u30a2\u30b5\u30a4\u30fc\u306e\u4eba\u6c17\u304c\u9ad8\u307e\u308b\u4e2d\u30012025\u5e74\u306b\u306f\u65e5\u672c\u304c\u3001\u30d6\u30e9\u30b8\u30eb\u7523\u30a2\u30b5\u30a4\u30fc\u306e\u4e3b\u8981\u306a\u8f38\u5165\u56fd\u3068\u3057\u3066\u7b2c3\u4f4d\u3068\u306a\u308a\u307e\u3057\u305f\u3002\u30a2\u30e1\u30ea\u30ab\u3068\u30a4\u30ae\u30ea\u30b9\u306b\u6b21\u3050\u898f\u6a21\u3067\u3001\u30aa\u30fc\u30b9\u30c8\u30e9\u30ea\u30a2\u3084\u30aa\u30e9\u30f3\u30c0\u3092\u4e0a\u56de\u3063\u3066\u3044\u307e\u3059\u3002 #\u30d6\u30e9\u30b8\u30eb\u30a2\u30b5\u30a4\u30fc #\u30d6\u30e9\u30b8\u30eb\u306e\u679c\u5b9f #\u30a2\u30b5\u30a4\u30fc #\u30a2\u30b5\u30a4\u30fc\u30b9\u30fc\u30d1\u30fc\u30d5\u30fc\u30c9 #\u30a2\u30de\u30be\u30f3\u306e\u30a2\u30b5\u30a4\u30fc .\nVoc\u00ea sabe onde o a\u00e7a\u00ed \u00e9 produzido? Sabia que mais de 90% da produ\u00e7\u00e3o mundial do a\u00e7a\u00ed vem do Brasil?\nA produ\u00e7\u00e3o de a\u00e7a\u00ed concentra-se majoritariamente na regi\u00e3o amaz\u00f4nica, sobretudo no Brasil. O fruto \u00e9 cultivado principalmente em \u00e1reas de v\u00e1rzea e florestas alagadas, adaptando-se bem ao clima quente e \u00famido da regi\u00e3o. O cultivo de a\u00e7a\u00ed \u00e9 conduzido com um sistema chamado &#8220;sistema agroflorestal (SAF)&#8221;, um modelo de produ\u00e7\u00e3o que integra cultivos agr\u00edcolas e \u00e1rvores na mesma \u00e1rea, de forma planejada e sustent\u00e1vel. Na Amaz\u00f4nia, esse sistema \u00e9 amplamente utilizado no cultivo de a\u00e7a\u00ed, pois contribui para a conserva\u00e7\u00e3o do solo e da biodiversidade, ao mesmo tempo em que gera renda e preserva a floresta.\nO Brasil concentra, de forma amplamente dominante, a produ\u00e7\u00e3o e a exporta\u00e7\u00e3o mundial de a\u00e7a\u00ed, respondendo por aproximadamente 90% da oferta global, com base produtiva fortemente ancorada na regi\u00e3o amaz\u00f4nica, em especial no estado do Par\u00e1. Outros estados da regi\u00e3o Norte, como Amazonas e Amap\u00e1, tamb\u00e9m contribuem para a produ\u00e7\u00e3o.\nCom a crescente popularidade do a\u00e7a\u00ed em todo o mundo nos \u00faltimos anos, o Jap\u00e3o consolidou-se como o terceiro principal destino das exporta\u00e7\u00f5es brasileiras desse produto em 2025. O pa\u00eds asi\u00e1tico ficou atr\u00e1s apenas dos Estados Unidos e do Reino Unido e \u00e0 frente de Austr\u00e1lia) e Pa\u00edses Baixos. #a\u00e7a\u00edbrasil #a\u00e7a\u00edbrasileiro #frutasbrasileiras #a\u00e7a\u00ed #a\u00e7a\u00edsuperfood #a\u00e7a\u00eddaamaz\u00f4nia | \u99d0\u65e5\u30d6\u30e9\u30b8\u30eb\u5927\u4f7f\u9928"},"content":{"rendered":"<p>\u30a2\u30b5\u30a4\u30fc\u304c\u3069\u3053\u3067\u751f\u7523\u3055\u308c\u3066\u3044\u308b\u304b\u3054\u5b58\u3058\u3067\u3059\u304b\uff1f<br \/>\n\u5b9f\u306f\u3001\u4e16\u754c\u306e\u30a2\u30b5\u30a4\u30fc\u751f\u7523\u91cf\u306e9\u5272\u4ee5\u4e0a\u3092\u30d6\u30e9\u30b8\u30eb\u304c\u5360\u3081\u3066\u3044\u307e\u3059\u3002<\/p>\n<p>\u30d6\u30e9\u30b8\u30eb\u56fd\u5185\u306e\u30a2\u30de\u30be\u30f3\u5730\u57df\u3092\u4e2d\u5fc3\u306b\u751f\u7523\u3055\u308c\u3066\u3044\u308b\u30a2\u30b5\u30a4\u30fc\u306f\u3001\u4e3b\u306b\u6c34\u306b\u6d78\u304b\u308a\u3084\u3059\u3044\u571f\u5730\u3084\u68ee\u6797\u5730\u5e2f\u3067\u80b2\u3066\u3089\u308c\u3001\u6691\u304f\u3066\u6e7f\u5ea6\u306e\u9ad8\u3044\u5730\u57df\u306e\u6c17\u5019\u306b\u5408\u3063\u305f\u4f5c\u7269\u3067\u3059\u3002<\/p>\n<p>\u3053\u3046\u3057\u305f\u74b0\u5883\u306e\u4e2d\u3067\u3001\u30a2\u30b5\u30a4\u30fc\u306f\u3001\u307b\u304b\u306e\u690d\u7269\u3084\u6728\u3092\u540c\u3058\u571f\u5730\u3067\u8a08\u753b\u7684\u304b\u3064\u6301\u7d9a\u53ef\u80fd\u306a\u5f62\u3067\u80b2\u3066\u308b\u3001\u74b0\u5883\u306b\u914d\u616e\u3057\u305f\u300c\u30a2\u30b0\u30ed\u30d5\u30a9\u30ec\u30b9\u30c8\u30ea\u30fc\u30b7\u30b9\u30c6\u30e0\u300d\u3068\u547c\u3070\u308c\u308b\u65b9\u6cd5\u3067\u683d\u57f9\u3055\u308c\u3066\u3044\u307e\u3059\u3002<\/p>\n<p>\u3053\u306e\u65b9\u6cd5\u306f\u30a2\u30de\u30be\u30f3\u5730\u57df\u3067\u5e83\u304f\u4f7f\u308f\u308c\u3066\u304a\u308a\u3001\u571f\u58cc\u3084\u751f\u7269\u591a\u69d8\u6027\u3092\u5b88\u308a\u306a\u304c\u3089\u3001\u53ce\u76ca\u3092\u751f\u307f\u51fa\u3057\u3001\u68ee\u6797\u306e\u4fdd\u5168\u306b\u3082\u3064\u306a\u304c\u3063\u3066\u3044\u307e\u3059\u3002<\/p>\n<p>\u30d6\u30e9\u30b8\u30eb\u306f\u3001\u4e16\u754c\u306e\u30a2\u30b5\u30a4\u30fc\u751f\u7523\u3068\u8f38\u51fa\u306b\u304a\u3044\u3066\u5727\u5012\u7684\u306a\u30b7\u30a7\u30a2\u3092\u8a87\u3063\u3066\u304a\u308a\u3001\u4e16\u754c\u5168\u4f53\u306e\u4f9b\u7d66\u91cf\u306e\u304a\u3088\u305d9\u5272\u3092\u62c5\u3063\u3066\u3044\u307e\u3059\u3002\u305d\u306e\u4e2d\u5fc3\u306f\u30a2\u30de\u30be\u30f3\u5730\u57df\u306b\u3042\u308a\u3001\u7279\u306b\u30d1\u30e9\u30fc\u5dde\u304c\u4e3b\u8981\u306a\u751f\u7523\u5730\u3068\u306a\u3063\u3066\u3044\u307e\u3059\u3002\u3055\u3089\u306b\u3001\u30a2\u30de\u30be\u30ca\u30b9\u5dde\u3084\u30a2\u30de\u30d1\u30fc\u5dde\u306a\u3069\u3001\u5317\u90e8\u306e\u307b\u304b\u306e\u5dde\u3082\u751f\u7523\u306b\u8ca2\u732e\u3057\u3066\u3044\u307e\u3059\u3002<br \/>\n\u8fd1\u5e74\u3001\u4e16\u754c\u7684\u306b\u30a2\u30b5\u30a4\u30fc\u306e\u4eba\u6c17\u304c\u9ad8\u307e\u308b\u4e2d\u30012025\u5e74\u306b\u306f\u65e5\u672c\u304c\u3001\u30d6\u30e9\u30b8\u30eb\u7523\u30a2\u30b5\u30a4\u30fc\u306e\u4e3b\u8981\u306a\u8f38\u5165\u56fd\u3068\u3057\u3066\u7b2c3\u4f4d\u3068\u306a\u308a\u307e\u3057\u305f\u3002\u30a2\u30e1\u30ea\u30ab\u3068\u30a4\u30ae\u30ea\u30b9\u306b\u6b21\u3050\u898f\u6a21\u3067\u3001\u30aa\u30fc\u30b9\u30c8\u30e9\u30ea\u30a2\u3084\u30aa\u30e9\u30f3\u30c0\u3092\u4e0a\u56de\u3063\u3066\u3044\u307e\u3059\u3002<\/p>\n<p>#\u30d6\u30e9\u30b8\u30eb\u30a2\u30b5\u30a4\u30fc #\u30d6\u30e9\u30b8\u30eb\u306e\u679c\u5b9f #\u30a2\u30b5\u30a4\u30fc #\u30a2\u30b5\u30a4\u30fc\u30b9\u30fc\u30d1\u30fc\u30d5\u30fc\u30c9 #\u30a2\u30de\u30be\u30f3\u306e\u30a2\u30b5\u30a4\u30fc<\/p>\n<p>.<br \/>\nVoc\u00ea sabe onde o a\u00e7a\u00ed \u00e9 produzido? Sabia que mais de 90% da produ\u00e7\u00e3o mundial do a\u00e7a\u00ed vem do Brasil?<br \/>\nA produ\u00e7\u00e3o de a\u00e7a\u00ed concentra-se majoritariamente na regi\u00e3o amaz\u00f4nica, sobretudo no Brasil. O fruto \u00e9 cultivado principalmente em \u00e1reas de v\u00e1rzea e florestas alagadas, adaptando-se bem ao clima quente e \u00famido da regi\u00e3o.<br \/>\nO cultivo de a\u00e7a\u00ed \u00e9 conduzido com um sistema chamado &#8220;sistema agroflorestal (SAF)&#8221;, um modelo de produ\u00e7\u00e3o que integra cultivos agr\u00edcolas e \u00e1rvores na mesma \u00e1rea, de forma planejada e sustent\u00e1vel.<br \/>\nNa Amaz\u00f4nia, esse sistema \u00e9 amplamente utilizado no cultivo de a\u00e7a\u00ed, pois contribui para a conserva\u00e7\u00e3o do solo e da biodiversidade, ao mesmo tempo em que gera renda e preserva a floresta.<br \/>\nO Brasil concentra, de forma amplamente dominante, a produ\u00e7\u00e3o e a exporta\u00e7\u00e3o mundial de a\u00e7a\u00ed, respondendo por aproximadamente 90% da oferta global, com base produtiva fortemente ancorada na regi\u00e3o amaz\u00f4nica, em especial no estado do Par\u00e1. Outros estados da regi\u00e3o Norte, como Amazonas e Amap\u00e1, tamb\u00e9m contribuem para a produ\u00e7\u00e3o.<br \/>\nCom a crescente popularidade do a\u00e7a\u00ed em todo o mundo nos \u00faltimos anos, o Jap\u00e3o consolidou-se como o terceiro principal destino das exporta\u00e7\u00f5es brasileiras desse produto em 2025. O pa\u00eds asi\u00e1tico ficou atr\u00e1s apenas dos Estados Unidos e do Reino Unido e \u00e0 frente de Austr\u00e1lia) e Pa\u00edses Baixos. <\/p>\n<p>#a\u00e7a\u00edbrasil #a\u00e7a\u00edbrasileiro #frutasbrasileiras #a\u00e7a\u00ed #a\u00e7a\u00edsuperfood #a\u00e7a\u00eddaamaz\u00f4nia | \u99d0\u65e5\u30d6\u30e9\u30b8\u30eb\u5927\u4f7f\u9928 &#8211; Embaixada do Brasil em T\u00f3quio<\/p>\n","protected":false},"excerpt":{"rendered":"<p>\u30a2\u30b5\u30a4\u30fc\u304c\u3069\u3053\u3067\u751f\u7523\u3055\u308c\u3066\u3044\u308b\u304b\u3054\u5b58\u3058\u3067\u3059\u304b\uff1f \u5b9f\u306f\u3001\u4e16\u754c\u306e\u30a2\u30b5\u30a4\u30fc\u751f\u7523\u91cf\u306e9\u5272\u4ee5\u4e0a\u3092\u30d6\u30e9\u30b8\u30eb\u304c\u5360\u3081\u3066\u3044\u307e\u3059\u3002 \u30d6\u30e9\u30b8\u30eb\u56fd\u5185\u306e\u30a2\u30de\u30be\u30f3\u5730\u57df\u3092\u4e2d\u5fc3\u306b\u751f\u7523\u3055\u308c\u3066\u3044\u308b\u30a2\u30b5\u30a4\u30fc\u306f\u3001\u4e3b\u306b\u6c34\u306b\u6d78\u304b\u308a\u3084\u3059\u3044\u571f\u5730\u3084\u68ee\u6797\u5730\u5e2f\u3067\u80b2\u3066\u3089\u308c\u3001\u6691<\/p>\n","protected":false},"author":2,"featured_media":2760954,"comment_status":"","ping_status":"","sticky":false,"template":"","format":"standard","meta":{"footnotes":"","_share_on_mastodon":"0"},"categories":[785160],"tags":[30353,1656],"class_list":{"0":"post-2760953","1":"post","2":"type-post","3":"status-publish","4":"format-standard","5":"has-post-thumbnail","7":"category-brazil","8":"tag-brazil","9":"tag-1656"},"share_on_mastodon":{"url":"","error":"Validation failed: Text character limit of 500 exceeded"},"_links":{"self":[{"href":"https:\/\/www.wacoca.com\/news\/wp-json\/wp\/v2\/posts\/2760953","targetHints":{"allow":["GET"]}}],"collection":[{"href":"https:\/\/www.wacoca.com\/news\/wp-json\/wp\/v2\/posts"}],"about":[{"href":"https:\/\/www.wacoca.com\/news\/wp-json\/wp\/v2\/types\/post"}],"author":[{"embeddable":true,"href":"https:\/\/www.wacoca.com\/news\/wp-json\/wp\/v2\/users\/2"}],"replies":[{"embeddable":true,"href":"https:\/\/www.wacoca.com\/news\/wp-json\/wp\/v2\/comments?post=2760953"}],"version-history":[{"count":0,"href":"https:\/\/www.wacoca.com\/news\/wp-json\/wp\/v2\/posts\/2760953\/revisions"}],"wp:featuredmedia":[{"embeddable":true,"href":"https:\/\/www.wacoca.com\/news\/wp-json\/wp\/v2\/media\/2760954"}],"wp:attachment":[{"href":"https:\/\/www.wacoca.com\/news\/wp-json\/wp\/v2\/media?parent=2760953"}],"wp:term":[{"taxonomy":"category","embeddable":true,"href":"https:\/\/www.wacoca.com\/news\/wp-json\/wp\/v2\/categories?post=2760953"},{"taxonomy":"post_tag","embeddable":true,"href":"https:\/\/www.wacoca.com\/news\/wp-json\/wp\/v2\/tags?post=2760953"}],"curies":[{"name":"wp","href":"https:\/\/api.w.org\/{rel}","templated":true}]}}