{"id":2754616,"date":"2026-01-28T02:35:37","date_gmt":"2026-01-28T02:35:37","guid":{"rendered":"https:\/\/www.wacoca.com\/news\/2754616\/"},"modified":"2026-01-28T02:35:37","modified_gmt":"2026-01-28T02:35:37","slug":"roberto-carlos-attends-presentation-of-the-educational-football-program-in-nuevo-leon-mexico","status":"publish","type":"post","link":"https:\/\/www.wacoca.com\/news\/2754616\/","title":{"rendered":"Roberto Carlos attends presentation of the Educational Football Program in Nuevo Le\u00f3n, Mexico"},"content":{"rendered":"<p>Real Madrid\u00a0ambassador\u00a0Roberto Carlos, and the\u00a0Foundation&#8217;s\u00a0managing director Julio Gonz\u00e1lez Ronco, unveiled the\u00a0second Educational Football Program in the state of Nuevo Le\u00f3n (Mexico) at\u00a0Real Madrid City. The program will be run in collaboration with True Matters, with support from the San Pedro Garza Garc\u00eda town council and the HEB Foundation.<br \/>The event highlighted the aim of the initiative, which is to promote the holistic development of children and young people through sport, fostering the values transmitted by the\u00a0Real Madrid Foundation. Juan Pablo Castuera Zubieta y Landa, executive secretary of the Municipality of San Pedro Garza Garc\u00eda \u2014 representing mayor Mauricio Farah \u2014 expressed his enthusiasm for the announcement and revealed that three areas within Clouthier Park will be made available for the Educational Football Program. This becomes the second site in Nuevo Le\u00f3n, joining the one already operating in Apodaca.<br \/>The Educational Football Program in Nuevo Le\u00f3n will offer participants a training experience based on the\u00a0Real Madrid Foundation\u2019s\u00a0own methodology, in which football becomes an educational tool for human and social development.<br \/>Attendees<br \/>The event was attended by Jos\u00e9 Luis Gatica Campos, director of Management and Planning, and Rodrigo Quintanilla S\u00e1nchez, Strategic Projects coordinator, both from the Municipality of San Pedro Garza Garc\u00eda. Also present were Elizandra Bonatto from True Matters \u2014 the\u00a0Foundation\u2019s\u00a0official partner in various regions of Mexico \u2014 and Jes\u00fas \u00c1ngel Vargas, also a True Matters partner.<\/p>\n","protected":false},"excerpt":{"rendered":"<p>Real Madrid\u00a0ambassador\u00a0Roberto Carlos, and the\u00a0Foundation&#8217;s\u00a0managing director Julio Gonz\u00e1lez Ronco, unve<\/p>\n","protected":false},"author":2,"featured_media":2754617,"comment_status":"","ping_status":"","sticky":false,"template":"","format":"standard","meta":{"footnotes":"","_share_on_mastodon":"0"},"categories":[785159],"tags":[163941,54525],"class_list":{"0":"post-2754616","1":"post","2":"type-post","3":"status-publish","4":"format-standard","5":"has-post-thumbnail","7":"category-mexico","8":"tag-mexico","9":"tag-54525"},"share_on_mastodon":{"url":"","error":""},"_links":{"self":[{"href":"https:\/\/www.wacoca.com\/news\/wp-json\/wp\/v2\/posts\/2754616","targetHints":{"allow":["GET"]}}],"collection":[{"href":"https:\/\/www.wacoca.com\/news\/wp-json\/wp\/v2\/posts"}],"about":[{"href":"https:\/\/www.wacoca.com\/news\/wp-json\/wp\/v2\/types\/post"}],"author":[{"embeddable":true,"href":"https:\/\/www.wacoca.com\/news\/wp-json\/wp\/v2\/users\/2"}],"replies":[{"embeddable":true,"href":"https:\/\/www.wacoca.com\/news\/wp-json\/wp\/v2\/comments?post=2754616"}],"version-history":[{"count":0,"href":"https:\/\/www.wacoca.com\/news\/wp-json\/wp\/v2\/posts\/2754616\/revisions"}],"wp:featuredmedia":[{"embeddable":true,"href":"https:\/\/www.wacoca.com\/news\/wp-json\/wp\/v2\/media\/2754617"}],"wp:attachment":[{"href":"https:\/\/www.wacoca.com\/news\/wp-json\/wp\/v2\/media?parent=2754616"}],"wp:term":[{"taxonomy":"category","embeddable":true,"href":"https:\/\/www.wacoca.com\/news\/wp-json\/wp\/v2\/categories?post=2754616"},{"taxonomy":"post_tag","embeddable":true,"href":"https:\/\/www.wacoca.com\/news\/wp-json\/wp\/v2\/tags?post=2754616"}],"curies":[{"name":"wp","href":"https:\/\/api.w.org\/{rel}","templated":true}]}}