{"id":2690111,"date":"2025-11-07T22:51:54","date_gmt":"2025-11-07T22:51:54","guid":{"rendered":"https:\/\/www.wacoca.com\/news\/2690111\/"},"modified":"2025-11-07T22:51:54","modified_gmt":"2025-11-07T22:51:54","slug":"la-abogacia-espanola-upro-program%e3%81%8caccountex-spain%e8%a6%8b%e6%9c%ac%e5%b8%82%e3%82%92%e9%96%8b%e5%82%ac-abogacia-espanola","status":"publish","type":"post","link":"https:\/\/www.wacoca.com\/news\/2690111\/","title":{"rendered":"La Abogac\u00eda Espa\u00f1ola Upro Program\u304cAccountex Spain\u898b\u672c\u5e02\u3092\u958b\u50ac \u2013 Abogac\u00eda Espa\u00f1ola"},"content":{"rendered":"<p class=\"gt-block\">El Consejo General de la Abogac\u00eda Espa\u00f1ola \u63d0\u793a\u3057\u307e\u3057\u305f Upro\u30c7\u30b8\u30bf\u30eb\u30b9\u30ad\u30eb\u30c8\u30ec\u30fc\u30cb\u30f3\u30b0\u30d7\u30ed\u30b0\u30e9\u30e0 \u4eca\u9031\u6c34\u66dc\u65e5\u3001\u5c02\u9580\u30b5\u30fc\u30d3\u30b9\u304a\u3088\u3073\u4e2d\u5c0f\u4f01\u696d\u7ba1\u7406\u90e8\u9580\u306e\u4e3b\u8981\u306a\u5e74\u6b21\u898b\u672c\u5e02\u3067\u3042\u308b Accountex Spain \u3067\u958b\u50ac\u3055\u308c\u307e\u3059\u3002<\/p>\n<p>\u6cd5\u66f9\u754c\u306f\u30d5\u30a7\u30a2\u306b\u30d6\u30fc\u30b9\u3092\u51fa\u5c55\u3057\u3001\u3053\u306e\u65b0\u3057\u3044\u7814\u4fee\u30d7\u30ed\u30b8\u30a7\u30af\u30c8\u306e\u8a73\u7d30\u3092\u6765\u5834\u8005\u306b\u4f1d\u3048\u307e\u3059\u3002\u3053\u306e\u30d7\u30ed\u30b8\u30a7\u30af\u30c8\u306f Uni\u00f3n Profesional \u3068\u63d0\u643a\u3057\u3066\u958b\u59cb\u3055\u308c\u3001\u6b27\u5dde\u57fa\u91d1\u304b\u3089 2 \u5104\u30e6\u30fc\u30ed\u306e\u8cc7\u91d1\u63d0\u4f9b\u3092\u53d7\u3051\u3066\u304a\u308a\u3001\u30c7\u30b8\u30bf\u30eb\u306e\u8ab2\u984c\u306b\u3046\u307e\u304f\u5bfe\u51e6\u3067\u304d\u308b\u3088\u3046\u30016 \u6708\u307e\u3067\u4f55\u5343\u4eba\u3082\u306e\u5c02\u9580\u5bb6\u306b\u7121\u6599\u306e\u7814\u4fee\u3092\u63d0\u4f9b\u3057\u307e\u3059\u3002<\/p>\n<p><img fetchpriority=\"high\" decoding=\"async\" class=\"wp-image-268459 size-medium\" src=\"https:\/\/www.wacoca.com\/news\/wp-content\/uploads\/2025\/11\/Abogacia-Espanola-en-Accountex-Espana-e1762343152813-300x178.jpeg\" alt=\"\" width=\"300\" height=\"178\"  \/>\u306e\u30d6\u30fc\u30b9 Consejo General de la Abogac\u00eda Espa\u00f1ola Accountex Spain\u898b\u672c\u5e02\uff08Ifema\uff09\u306b\u3066<\/p>\n<p class=\"gt-block\">\u4e0a\u8a18 \u3059\u3067\u306b44.000\u4eba\u306e\u5c02\u9580\u5bb6\u304c\u3053\u306e\u30b3\u30fc\u30b9\u3067\u8a13\u7df4\u3092\u53d7\u3051\u3066\u3044\u308b\u4fee\u4e86\u3059\u308b\u3068\u30c7\u30b8\u30bf\u30eb\u5f01\u8b77\u58eb\u3068\u3057\u3066\u8a8d\u5b9a\u3055\u308c\u308b\u5f01\u8b77\u58eb\u306f 13.000 \u4eba\u4ee5\u4e0a\u306b\u306a\u308a\u307e\u3059\u3002<\/p>\n<p>\u5f01\u8b77\u58eb\u4f1a\u30d7\u30ed\u30b8\u30a7\u30af\u30c8\u7ba1\u7406\u90e8\u9580\u306e\u6cd5\u52d9\u30b3\u30fc\u30c7\u30a3\u30cd\u30fc\u30bf\u30fc\u3067\u3042\u308b\u30d2\u30eb\u30c0\u30fb\u30ac\u30ea\u30c9\u6c0f\u306f\u3001\u30d7\u30ec\u30bc\u30f3\u30c6\u30fc\u30b7\u30e7\u30f3\u306e\u4e2d\u3067\u3001150\u6642\u9593\u306e\u500b\u5225\u6307\u5c0e\u30c8\u30ec\u30fc\u30cb\u30f3\u30b0\uff08\u53c2\u52a0\u5f01\u8b77\u58eb\u4f1a\u306720\u6642\u9593\u5bfe\u9762\u3001\u6b8b\u308a\u306f\u5404\u5b66\u751f\u304c\u5e0c\u671b\u3059\u308b\u30da\u30fc\u30b9\u3067\u30aa\u30f3\u30e9\u30a4\u30f3\u3067\u5b9f\u65bd\uff09\u3092\u542b\u3080\u30d7\u30ed\u30b0\u30e9\u30e0\u306e\u76ee\u7684\u3068\u30b7\u30e9\u30d0\u30b9\u306b\u3064\u3044\u3066\u8a73\u3057\u304f\u8aac\u660e\u3057\u307e\u3057\u305f\u3002<\/p>\n<p><img loading=\"lazy\" decoding=\"async\" class=\"wp-image-268458 size-medium\" src=\"https:\/\/www.wacoca.com\/news\/wp-content\/uploads\/2025\/11\/WhatsApp-Image-2025-11-05-at-12.05.25-e1762342686617-300x239.jpeg\" alt=\"Hilda Garrido, coordinadora jur\u00eddica del departamento de gesti\u00f3n de proyectos de la Abogac\u00eda en la feria Accountex Espa\u00f1a\" width=\"300\" height=\"239\"  \/><img loading=\"lazy\" decoding=\"async\" class=\"lazyload wp-image-268458 size-medium\" src=\"https:\/\/www.wacoca.com\/news\/wp-content\/uploads\/2025\/11\/WhatsApp-Image-2025-11-05-at-12.05.25-e1762342686617-300x239.jpeg\" alt=\"Accountex Spain\u898b\u672c\u5e02\u306b\u304a\u3051\u308b\u5f01\u8b77\u58eb\u4f1a\u30d7\u30ed\u30b8\u30a7\u30af\u30c8\u7ba1\u7406\u90e8\u9580\u306e\u6cd5\u52d9\u30b3\u30fc\u30c7\u30a3\u30cd\u30fc\u30bf\u30fc\u3001\u30d2\u30eb\u30c0\u30fb\u30ac\u30ea\u30c9\u6c0f\" width=\"300\" height=\"239\"  data-\/>\u30b9\u30da\u30a4\u30f3\u5f01\u8b77\u58eb\u4f1a\u30d7\u30ed\u30b8\u30a7\u30af\u30c8\u7ba1\u7406\u90e8\u9580\u306e\u6cd5\u52d9\u30b3\u30fc\u30c7\u30a3\u30cd\u30fc\u30bf\u30fc\u3001\u30d2\u30eb\u30c0\u30fb\u30ac\u30ea\u30c9\u6c0f\uff08Accountex Spain\u898b\u672c\u5e02\u306b\u3066\uff09<\/p>\n<p>\u300cUpro\u306f\u73fe\u5728\u3068\u672a\u6765\u306e\u30c7\u30b8\u30bf\u30eb\u30b9\u30ad\u30eb\u3092\u7fd2\u5f97\u3059\u308b\u7d76\u597d\u306e\u6a5f\u4f1a\u3067\u3059\u3002\u3053\u308c\u306f\u3001\u79c1\u305f\u3061\u304c\u50cd\u304f\u30c7\u30b8\u30bf\u30eb\u4e16\u754c\u306b\u5bfe\u5fdc\u3067\u304d\u308b\u3088\u3046\u5c02\u9580\u5bb6\u3092\u80b2\u6210\u3059\u308b\u3068\u3044\u3046\u3001\u56fd\u3068\u6b27\u5dde\u9023\u5408\u306e\u30b3\u30df\u30c3\u30c8\u30e1\u30f3\u30c8\u3092\u8868\u3057\u3066\u3044\u307e\u3059\u300d\u3068\u30ac\u30ea\u30c9\u6c0f\u306f\u6307\u6458\u3057\u307e\u3057\u305f\u3002<\/p>\n<p class=\"gt-block\">Accountex \u30b9\u30da\u30a4\u30f3 \u4eca\u9031\u6728\u66dc\u65e5\u307e\u3067Ifema\u3067\u958b\u50ac\u3055\u308c\u307e\u3059\u3002Upro\u30d7\u30ed\u30b0\u30e9\u30e0\u3078\u306e\u767b\u9332\u306f\u3001 \u306e\u30a6\u30a7\u30d6\u30b5\u30a4\u30c8 Abogac\u00eda Espa\u00f1ola.<\/p>\n","protected":false},"excerpt":{"rendered":"<p>El Consejo General de la Abogac\u00eda Espa\u00f1ola \u63d0\u793a\u3057\u307e\u3057\u305f Upro\u30c7\u30b8\u30bf\u30eb\u30b9\u30ad\u30eb\u30c8\u30ec\u30fc\u30cb\u30f3\u30b0\u30d7\u30ed\u30b0\u30e9\u30e0 \u4eca\u9031\u6c34\u66dc\u65e5\u3001\u5c02\u9580\u30b5\u30fc\u30d3\u30b9\u304a\u3088\u3073\u4e2d\u5c0f\u4f01\u696d\u7ba1\u7406\u90e8\u9580\u306e\u4e3b\u8981\u306a\u5e74\u6b21\u898b\u672c\u5e02\u3067\u3042\u308b A<\/p>\n","protected":false},"author":2,"featured_media":2690112,"comment_status":"","ping_status":"","sticky":false,"template":"","format":"standard","meta":{"footnotes":"","_share_on_mastodon":"0"},"categories":[784997],"tags":[13013,25187],"class_list":{"0":"post-2690111","1":"post","2":"type-post","3":"status-publish","4":"format-standard","5":"has-post-thumbnail","7":"category-spain","8":"tag-spain","9":"tag-25187"},"share_on_mastodon":{"url":"https:\/\/wakoka.com\/@news\/115510872944349845","error":""},"_links":{"self":[{"href":"https:\/\/www.wacoca.com\/news\/wp-json\/wp\/v2\/posts\/2690111","targetHints":{"allow":["GET"]}}],"collection":[{"href":"https:\/\/www.wacoca.com\/news\/wp-json\/wp\/v2\/posts"}],"about":[{"href":"https:\/\/www.wacoca.com\/news\/wp-json\/wp\/v2\/types\/post"}],"author":[{"embeddable":true,"href":"https:\/\/www.wacoca.com\/news\/wp-json\/wp\/v2\/users\/2"}],"replies":[{"embeddable":true,"href":"https:\/\/www.wacoca.com\/news\/wp-json\/wp\/v2\/comments?post=2690111"}],"version-history":[{"count":0,"href":"https:\/\/www.wacoca.com\/news\/wp-json\/wp\/v2\/posts\/2690111\/revisions"}],"wp:featuredmedia":[{"embeddable":true,"href":"https:\/\/www.wacoca.com\/news\/wp-json\/wp\/v2\/media\/2690112"}],"wp:attachment":[{"href":"https:\/\/www.wacoca.com\/news\/wp-json\/wp\/v2\/media?parent=2690111"}],"wp:term":[{"taxonomy":"category","embeddable":true,"href":"https:\/\/www.wacoca.com\/news\/wp-json\/wp\/v2\/categories?post=2690111"},{"taxonomy":"post_tag","embeddable":true,"href":"https:\/\/www.wacoca.com\/news\/wp-json\/wp\/v2\/tags?post=2690111"}],"curies":[{"name":"wp","href":"https:\/\/api.w.org\/{rel}","templated":true}]}}