{"id":2655335,"date":"2025-09-28T08:27:34","date_gmt":"2025-09-28T08:27:34","guid":{"rendered":"https:\/\/www.wacoca.com\/news\/2655335\/"},"modified":"2025-09-28T08:27:34","modified_gmt":"2025-09-28T08:27:34","slug":"argentina-gp-schedule-motogp-2025","status":"publish","type":"post","link":"https:\/\/www.wacoca.com\/news\/2655335\/","title":{"rendered":"Argentina GP Schedule \u2013 MotoGP 2025"},"content":{"rendered":"\n<p>                            &#13;<\/p>\n<p>The second round of the 2025 MotoGP will be held this weekend at Termas de R\u00edo Hondo in Argentina. The circuit first hosted MotoGP in 2014. Due to the impact of the pandemic and a fire, the races were canceled in 2020 and 2021, but the venue returned to the MotoGP calendar in 2022. In 2023, the event was canceled due to domestic issues in Argentina, as the event promoter could not guarantee the necessary services for hosting MotoGP. Therefore, this will be the first race at the circuit since 2023. Termas de R\u00edo Hondo is known to be a strong track for Marc M\u00e1rquez. After securing pole position and victories in both the sprint and main races at the opening round in Thailand, high expectations are placed on M\u00e1rquez for this round.<\/p>\n<p><img fetchpriority=\"high\" decoding=\"async\" width=\"1600\" height=\"1067\" src=\"https:\/\/www.wacoca.com\/news\/wp-content\/uploads\/2025\/09\/52781391002_0e2472d9fd_h.jpg\" alt=\"\" class=\"wp-image-88159\"  \/><\/p>\n<p>Argentina GP Schedule<\/p>\n<p>Thursday, March 13<\/p>\n<p>12:00 (local time): MotoGP Press Conference<br \/>Participants: Marc M\u00e1rquez, \u00c1lex M\u00e1rquez (Gresini Racing MotoGP), Francesco Bagnaia<\/p>\n<p>Friday, March 14<\/p>\n<p>Free Practice &amp; Practice Sessions<br \/>Riders aim for direct qualification to Q2.<\/p>\n<p>Saturday, March 15<\/p>\n<p>Qualifying (MotoGP: 22:50 JST)<\/p>\n<p>15:00 (local time): Tissot Sprint Race (MotoGP: 03:00 JST on Sunday)<\/p>\n<p>Sunday, March 16<\/p>\n<p>15:00 (local time): Grand Prix Main Race<\/p>\n<p>                                                     &#13;<br \/>\n                     &#13;<br \/>\n&#13;<br \/>\n                &#13;<\/p>\n<p>\t\t\u6295\u7a3f\u30ca\u30d3\u30b2\u30fc\u30b7\u30e7\u30f3<\/p>\n","protected":false},"excerpt":{"rendered":"<p>&#13; The second round of the 2025 MotoGP will be held this weekend at Termas de R\u00edo Hondo in Argentina. The c<\/p>\n","protected":false},"author":2,"featured_media":2655336,"comment_status":"","ping_status":"","sticky":false,"template":"","format":"standard","meta":{"footnotes":"","_share_on_mastodon":"0"},"categories":[785161],"tags":[133793,804463,23370],"class_list":{"0":"post-2655335","1":"post","2":"type-post","3":"status-publish","4":"format-standard","5":"has-post-thumbnail","7":"category-argentina","8":"tag-argentina","9":"tag-motogp-english-ver","10":"tag-23370"},"share_on_mastodon":{"url":"https:\/\/wakoka.com\/@news\/115280979270413750","error":""},"_links":{"self":[{"href":"https:\/\/www.wacoca.com\/news\/wp-json\/wp\/v2\/posts\/2655335","targetHints":{"allow":["GET"]}}],"collection":[{"href":"https:\/\/www.wacoca.com\/news\/wp-json\/wp\/v2\/posts"}],"about":[{"href":"https:\/\/www.wacoca.com\/news\/wp-json\/wp\/v2\/types\/post"}],"author":[{"embeddable":true,"href":"https:\/\/www.wacoca.com\/news\/wp-json\/wp\/v2\/users\/2"}],"replies":[{"embeddable":true,"href":"https:\/\/www.wacoca.com\/news\/wp-json\/wp\/v2\/comments?post=2655335"}],"version-history":[{"count":0,"href":"https:\/\/www.wacoca.com\/news\/wp-json\/wp\/v2\/posts\/2655335\/revisions"}],"wp:featuredmedia":[{"embeddable":true,"href":"https:\/\/www.wacoca.com\/news\/wp-json\/wp\/v2\/media\/2655336"}],"wp:attachment":[{"href":"https:\/\/www.wacoca.com\/news\/wp-json\/wp\/v2\/media?parent=2655335"}],"wp:term":[{"taxonomy":"category","embeddable":true,"href":"https:\/\/www.wacoca.com\/news\/wp-json\/wp\/v2\/categories?post=2655335"},{"taxonomy":"post_tag","embeddable":true,"href":"https:\/\/www.wacoca.com\/news\/wp-json\/wp\/v2\/tags?post=2655335"}],"curies":[{"name":"wp","href":"https:\/\/api.w.org\/{rel}","templated":true}]}}