{"id":2652359,"date":"2025-09-25T07:19:37","date_gmt":"2025-09-25T07:19:37","guid":{"rendered":"https:\/\/www.wacoca.com\/news\/2652359\/"},"modified":"2025-09-25T07:19:37","modified_gmt":"2025-09-25T07:19:37","slug":"argentina-comunidades-indigenas-y-campesinas-de-santiago-del-estero-denuncian-acciones-de-empresarios-contra-sus-territorios-y-formas-de-vida","status":"publish","type":"post","link":"https:\/\/www.wacoca.com\/news\/2652359\/","title":{"rendered":"Argentina: Comunidades ind\u00edgenas y campesinas de Santiago del Estero denuncian acciones de empresarios contra sus territorios y formas de vida"},"content":{"rendered":"<p data-block-key=\"8c7o2\">&#8220;Deforestaci\u00f3n, violencia y desalojos: el drama que denuncian las comunidades del Gran Chaco argentino&#8221;, 11 de marzo de 2025<\/p>\n<p data-block-key=\"e45ku\">&#8230;Mirta Coronel, representante del pueblo originario Vilela de la comunidad de Rinc\u00f3n del Saladillo y miembro del Movimiento Campesino de Santiago del Estero (MOCASE). La organizaci\u00f3n viene denunciando supuestos atropellos de empresarios y \u201cgente que viene de afuera\u201d para arrasar con el monte, desalojando a los campesinos de sus territorios y amenazando su forma de vida&#8230;[E]s parte del Gran Chaco Americano. Durante los \u00faltimos a\u00f1os, esta provincia argentina ha sido de las primeras en el ranking de desforestaci\u00f3n nacional&#8230;<\/p>\n<p data-block-key=\"9q6oc\">La superficie boscosa santiague\u00f1a&#8230;est\u00e1 siendo talada para la ganader\u00eda y la agricultura, principalmente, pero tambi\u00e9n para la producci\u00f3n maderera y de carb\u00f3n.<\/p>\n<p data-block-key=\"apt67\">Este avance de la frontera agropecuaria, como advierte el informe realizado por Red Agroforestal Chaco Argentina (Redaf), se ve acompa\u00f1ado, adem\u00e1s, de conflictos socioambientales generados por supuestos procesos de expulsi\u00f3n de las comunidades ind\u00edgenas y campesinas, denunciados como violentos.<\/p>\n<p data-block-key=\"aatu9\">Lejos de avanzar en medidas de recomposici\u00f3n, protecci\u00f3n y mitigaci\u00f3n, la titular de la Direcci\u00f3n de Bosques de Santiago del Estero expres\u00f3 a Mongabay Latam que el gobierno de Javier Milei est\u00e1 agudizando la situaci\u00f3n cr\u00edtica con pol\u00edticas de desfinanciamiento que amenazan el funcionamiento del \u00e1rea&#8230;<\/p>\n<p data-block-key=\"fm2nk\">&#8230;Orlando Canido, due\u00f1o de la empresa Refresh Now, productora de las gaseosas Manaos, es uno de los empresarios denunciados por el MOCASE&#8230;<\/p>\n<p data-block-key=\"cmhqk\">Mongabay Latam se comunic\u00f3 en tres oportunidades con la empresa de Canido, Manaos, en su sede en Buenos Aires, para conocer su versi\u00f3n de los hechos. En la compa\u00f1\u00eda afirmaron que tal vez se comunicar\u00edan con este medio para responder las consultas pero no lo hicieron al cierre de esta nota. Mongabay Latam tambi\u00e9n intent\u00f3 contactar al empresario mediante el correo electr\u00f3nico proporcionado en el sitio web de la empresa, pero tampoco obtuvo respuesta&#8230;<\/p>\n","protected":false},"excerpt":{"rendered":"<p>&#8220;Deforestaci\u00f3n, violencia y desalojos: el drama que denuncian las comunidades del Gran Chaco argentino&#038;#<\/p>\n","protected":false},"author":2,"featured_media":2652360,"comment_status":"","ping_status":"","sticky":false,"template":"","format":"standard","meta":{"footnotes":"","_share_on_mastodon":"0"},"categories":[785161],"tags":[133793,23370],"class_list":{"0":"post-2652359","1":"post","2":"type-post","3":"status-publish","4":"format-standard","5":"has-post-thumbnail","7":"category-argentina","8":"tag-argentina","9":"tag-23370"},"share_on_mastodon":{"url":"https:\/\/wakoka.com\/@news\/115263724870942070","error":""},"_links":{"self":[{"href":"https:\/\/www.wacoca.com\/news\/wp-json\/wp\/v2\/posts\/2652359","targetHints":{"allow":["GET"]}}],"collection":[{"href":"https:\/\/www.wacoca.com\/news\/wp-json\/wp\/v2\/posts"}],"about":[{"href":"https:\/\/www.wacoca.com\/news\/wp-json\/wp\/v2\/types\/post"}],"author":[{"embeddable":true,"href":"https:\/\/www.wacoca.com\/news\/wp-json\/wp\/v2\/users\/2"}],"replies":[{"embeddable":true,"href":"https:\/\/www.wacoca.com\/news\/wp-json\/wp\/v2\/comments?post=2652359"}],"version-history":[{"count":0,"href":"https:\/\/www.wacoca.com\/news\/wp-json\/wp\/v2\/posts\/2652359\/revisions"}],"wp:featuredmedia":[{"embeddable":true,"href":"https:\/\/www.wacoca.com\/news\/wp-json\/wp\/v2\/media\/2652360"}],"wp:attachment":[{"href":"https:\/\/www.wacoca.com\/news\/wp-json\/wp\/v2\/media?parent=2652359"}],"wp:term":[{"taxonomy":"category","embeddable":true,"href":"https:\/\/www.wacoca.com\/news\/wp-json\/wp\/v2\/categories?post=2652359"},{"taxonomy":"post_tag","embeddable":true,"href":"https:\/\/www.wacoca.com\/news\/wp-json\/wp\/v2\/tags?post=2652359"}],"curies":[{"name":"wp","href":"https:\/\/api.w.org\/{rel}","templated":true}]}}