{"id":2637097,"date":"2025-09-09T15:29:14","date_gmt":"2025-09-09T15:29:14","guid":{"rendered":"https:\/\/www.wacoca.com\/news\/2637097\/"},"modified":"2025-09-09T15:29:14","modified_gmt":"2025-09-09T15:29:14","slug":"ecuador-y-argentina-se-enfrentaran-hoy-por-la-ultima-fecha-de-las-eliminatorias-sudamericanas","status":"publish","type":"post","link":"https:\/\/www.wacoca.com\/news\/2637097\/","title":{"rendered":"Ecuador y Argentina se enfrentar\u00e1n hoy por la \u00faltima fecha de las eliminatorias sudamericanas"},"content":{"rendered":"<p style=\"text-align: justify;\">En el marco de la fecha 18 de las Eliminatorias Sudamericanas, Ecuador recibe este martes a la Selecci\u00f3n Argentina.\u00a0<\/p>\n<p style=\"text-align: justify;\">El encuentro se juega desde las 20 horas de Argentina en el Estadio Monumental Banco Pichincha. Se podr\u00e1 ver por TyC Sports y Telefe.<\/p>\n<p style=\"text-align: justify;\">El conjunto del argentino Sebasti\u00e1n Beccacece ya est\u00e1 clasificado y busca una victoria para finalizar como escolta. El equipo argentino de Lionel Scaloni ya tiene el primer puesto asegurado.<\/p>\n<p style=\"text-align: justify;\">Probables formaciones\u00a0<\/p>\n<p>                        PUBLICIDAD&#13;<br \/>\n&#13;<\/p>\n<p>    <img decoding=\"async\" loading=\"lazy\" src=\"https:\/\/www.wacoca.com\/news\/wp-content\/uploads\/2025\/09\/guanzetti-alargado.gif\"\/><\/p>\n<p style=\"text-align: justify;\">Ecuador: Hern\u00e1n Gal\u00edndez; Joel Ordo\u00f1ez o \u00c1ngelo Preciado, Willian Pacho, Piero Hincapi\u00e9, Pervis Estupi\u00f1\u00e1n; Mois\u00e9s Caicedo, Alan Franco, Gonzalo Plata, John Yeboah o Nilson Angulo; Kevin Rodr\u00edguez y Enner Valencia. DT: Sebasti\u00e1n Beccacece.<\/p>\n<p style=\"text-align: justify;\">Argentina: Emiliano Mart\u00ednez; Nahuel Molina o Gonzalo Montiel, Leonardo Balerdi, Nicol\u00e1s Otamendi, Nicol\u00e1s Tagliafico; Rodrigo De Paul, Leandro Paredes, Alexis Mac Allister o Exequiel Palacios; Nicol\u00e1s Paz, Lautaro Mart\u00ednez, Juli\u00e1n \u00c1lvarez o Giuliano Simeone y Nicol\u00e1s Gonz\u00e1lez. DT: Lionel Scaloni.<\/p>\n<p style=\"text-align: justify;\">C\u00f3mo ver en vivo Ecuador vs Argentina<br \/>El partido ser\u00e1 transmitido en Argentina por la se\u00f1al de cable TyC Sports, y por la de aire Telefe. Adem\u00e1s, se podr\u00e1 seguir por medios digitales a trav\u00e9s de Flow, Telecentro Play y Directv Go; y por la app MiTelefe.<\/p>\n","protected":false},"excerpt":{"rendered":"<p>En el marco de la fecha 18 de las Eliminatorias Sudamericanas, Ecuador recibe este martes a la Selecci\u00f3n Argen<\/p>\n","protected":false},"author":2,"featured_media":2637098,"comment_status":"","ping_status":"","sticky":false,"template":"","format":"standard","meta":{"footnotes":"","_share_on_mastodon":"0"},"categories":[785161],"tags":[133793,23370],"class_list":{"0":"post-2637097","1":"post","2":"type-post","3":"status-publish","4":"format-standard","5":"has-post-thumbnail","7":"category-argentina","8":"tag-argentina","9":"tag-23370"},"share_on_mastodon":{"url":"https:\/\/wakoka.com\/@news\/115175054757594465","error":""},"_links":{"self":[{"href":"https:\/\/www.wacoca.com\/news\/wp-json\/wp\/v2\/posts\/2637097","targetHints":{"allow":["GET"]}}],"collection":[{"href":"https:\/\/www.wacoca.com\/news\/wp-json\/wp\/v2\/posts"}],"about":[{"href":"https:\/\/www.wacoca.com\/news\/wp-json\/wp\/v2\/types\/post"}],"author":[{"embeddable":true,"href":"https:\/\/www.wacoca.com\/news\/wp-json\/wp\/v2\/users\/2"}],"replies":[{"embeddable":true,"href":"https:\/\/www.wacoca.com\/news\/wp-json\/wp\/v2\/comments?post=2637097"}],"version-history":[{"count":0,"href":"https:\/\/www.wacoca.com\/news\/wp-json\/wp\/v2\/posts\/2637097\/revisions"}],"wp:featuredmedia":[{"embeddable":true,"href":"https:\/\/www.wacoca.com\/news\/wp-json\/wp\/v2\/media\/2637098"}],"wp:attachment":[{"href":"https:\/\/www.wacoca.com\/news\/wp-json\/wp\/v2\/media?parent=2637097"}],"wp:term":[{"taxonomy":"category","embeddable":true,"href":"https:\/\/www.wacoca.com\/news\/wp-json\/wp\/v2\/categories?post=2637097"},{"taxonomy":"post_tag","embeddable":true,"href":"https:\/\/www.wacoca.com\/news\/wp-json\/wp\/v2\/tags?post=2637097"}],"curies":[{"name":"wp","href":"https:\/\/api.w.org\/{rel}","templated":true}]}}