{"id":2630330,"date":"2025-09-02T15:47:23","date_gmt":"2025-09-02T15:47:23","guid":{"rendered":"https:\/\/www.wacoca.com\/news\/2630330\/"},"modified":"2025-09-02T15:47:23","modified_gmt":"2025-09-02T15:47:23","slug":"chile-indigenas-mapuche-lafkenche-exigen-detener-proyecto-de-gas-en-la-araucania","status":"publish","type":"post","link":"https:\/\/www.wacoca.com\/news\/2630330\/","title":{"rendered":"Chile: Ind\u00edgenas Mapuche Lafkenche exigen detener proyecto de gas en la Araucan\u00eda"},"content":{"rendered":"<p data-block-key=\"ihhva\">\u201cComunidades Mapuche Lafkenche exigen paralizar proyecto gas\u00edfero de ENAP en la Araucan\u00eda\u201d \u2013 25 de agosto de 2025<\/p>\n<p data-block-key=\"ess0r\">El pasado s\u00e1bado 16 de agosto, autoridades ancestrales mapuche, dirigentes y miembros de diversas comunidades del territorio lafkenche se reunieron en un gran Txawun autoconvocado en el lof Peleko. El objetivo fue analizar y responder al prop\u00f3sito de las autoridades pol\u00edticas regionales de que la Empresa Nacional del Petr\u00f3leo (ENAP) retome las evaluaciones t\u00e9cnicas de pozos de gas en su territorio.<\/p>\n<p data-block-key=\"c834g\">La preocupaci\u00f3n central de las comunidades se centra en lo que califican como \u00abargumentos enga\u00f1osos de desarrollo econ\u00f3mico y progreso\u00bb que priorizan intereses comerciales por sobre sus derechos sociales y culturales, los cuales est\u00e1n amparados por la Ley Ind\u00edgena N\u00b019.253, la Ley Lafkenche N\u00b020.249 (que crea el Espacio Costero Marino de los Pueblos Originarios, ECMPO), el Convenio 169 de la OIT y la Declaraci\u00f3n de la ONU sobre Derechos de los Pueblos Ind\u00edgenas.<\/p>\n<p data-block-key=\"8n8tn\">En un documento emanado del encuentro, se detallan los profundos impactos que un proyecto de explotaci\u00f3n de gas tendr\u00eda en el territorio. Se\u00f1alan que generar\u00eda contaminaci\u00f3n del aire por Material Particulado (MP10, MP2,5), di\u00f3xido de carbono, di\u00f3xido de azufre y mon\u00f3xido de carbono, desde la perforaci\u00f3n hasta el transporte. Esta poluci\u00f3n, advierten, incrementa la vulnerabilidad a enfermedades que afectan los sistemas nervioso, respiratorio, inmunol\u00f3gico y cardiovascular\u2026<\/p>\n","protected":false},"excerpt":{"rendered":"<p>\u201cComunidades Mapuche Lafkenche exigen paralizar proyecto gas\u00edfero de ENAP en la Araucan\u00eda\u201d \u2013 25 de agosto de 2<\/p>\n","protected":false},"author":2,"featured_media":2630331,"comment_status":"","ping_status":"","sticky":false,"template":"","format":"standard","meta":{"footnotes":"","_share_on_mastodon":"0"},"categories":[785166],"tags":[40357,40356],"class_list":{"0":"post-2630330","1":"post","2":"type-post","3":"status-publish","4":"format-standard","5":"has-post-thumbnail","7":"category-chile","8":"tag-chile","9":"tag-40356"},"share_on_mastodon":{"url":"https:\/\/wakoka.com\/@news\/115135489358770156","error":""},"_links":{"self":[{"href":"https:\/\/www.wacoca.com\/news\/wp-json\/wp\/v2\/posts\/2630330","targetHints":{"allow":["GET"]}}],"collection":[{"href":"https:\/\/www.wacoca.com\/news\/wp-json\/wp\/v2\/posts"}],"about":[{"href":"https:\/\/www.wacoca.com\/news\/wp-json\/wp\/v2\/types\/post"}],"author":[{"embeddable":true,"href":"https:\/\/www.wacoca.com\/news\/wp-json\/wp\/v2\/users\/2"}],"replies":[{"embeddable":true,"href":"https:\/\/www.wacoca.com\/news\/wp-json\/wp\/v2\/comments?post=2630330"}],"version-history":[{"count":0,"href":"https:\/\/www.wacoca.com\/news\/wp-json\/wp\/v2\/posts\/2630330\/revisions"}],"wp:featuredmedia":[{"embeddable":true,"href":"https:\/\/www.wacoca.com\/news\/wp-json\/wp\/v2\/media\/2630331"}],"wp:attachment":[{"href":"https:\/\/www.wacoca.com\/news\/wp-json\/wp\/v2\/media?parent=2630330"}],"wp:term":[{"taxonomy":"category","embeddable":true,"href":"https:\/\/www.wacoca.com\/news\/wp-json\/wp\/v2\/categories?post=2630330"},{"taxonomy":"post_tag","embeddable":true,"href":"https:\/\/www.wacoca.com\/news\/wp-json\/wp\/v2\/tags?post=2630330"}],"curies":[{"name":"wp","href":"https:\/\/api.w.org\/{rel}","templated":true}]}}