{"id":2627658,"date":"2025-08-30T16:28:24","date_gmt":"2025-08-30T16:28:24","guid":{"rendered":"https:\/\/www.wacoca.com\/news\/2627658\/"},"modified":"2025-08-30T16:28:24","modified_gmt":"2025-08-30T16:28:24","slug":"chile-superintendencia-del-medio-ambiente-inicia-procedimiento-contra-la-minera-pacifico-sur-por-incumplimientos-en-la-mina-el-toqui-2","status":"publish","type":"post","link":"https:\/\/www.wacoca.com\/news\/2627658\/","title":{"rendered":"Chile: Superintendencia del Medio Ambiente inicia procedimiento contra la Minera Pac\u00edfico Sur por incumplimientos en la Mina El Toqui"},"content":{"rendered":"<p data-block-key=\"ft1n6\">&#8220;SMA formula cargos a Sociedad Minera Pac\u00edfico Sur por faltas ambientales en proyecto Mina El Toqui&#8221;, 11 de agosto de 2025<\/p>\n<p data-block-key=\"c63rn\">&#8230;En la regi\u00f3n de Ays\u00e9n, la Superintendencia del Medio Ambiente (SMA) inici\u00f3 un procedimiento sancionatorio, con la formulaci\u00f3n de dos cargos graves, contra la Sociedad Minera Pac\u00edfico Sur.<\/p>\n<p data-block-key=\"cqvan\">Lo anterior, espec\u00edficamente, por incumplimientos ambientales en su proyecto Mina El Toqui, el cual consta de varios yacimientos subterr\u00e1neos en la comuna de Coyhaique&#8230;<\/p>\n<p data-block-key=\"47d3a\">Respecto de este \u00faltimo, el ente fiscalizador formul\u00f3 cargos al titular anterior del proyecto por elusi\u00f3n al Sistema de Evaluaci\u00f3n de Impacto Ambiental (SEIA), tras haber modificado el proyecto sin contar con una RCA.<\/p>\n<p data-block-key=\"ca25o\">Dichas modificaciones consistieron en haber excedido el tonelaje aprobado para el tranque de relaves, contar con una altura de coronamiento que supera en m\u00e1s del 50% lo aprobado y haber excedido su vida \u00fatil en m\u00e1s de 3 a\u00f1os.<\/p>\n<p data-block-key=\"bc7q2\">En el a\u00f1o 2020, la SMA orden\u00f3 al titular actual -Sociedad Minera Pac\u00edfico Sur- someter a evaluaci\u00f3n ambiental esta actividad, debido a que las instalaciones se manten\u00edan en elusi\u00f3n.<\/p>\n<p data-block-key=\"54vvg\">En este contexto, la Superintendencia realiz\u00f3 una serie de actividades de fiscalizaci\u00f3n para constatar si el titular ingres\u00f3 a evaluaci\u00f3n ambiental como le fue exigido.<\/p>\n<p data-block-key=\"fsv\">&#8230;[L]a SMA pudo establecer que la empresa no catastr\u00f3 la totalidad de los puntos de monitoreo que deb\u00eda realizar a las aguas superficiales del proyecto, tal como qued\u00f3 establecido en su permiso ambiental del 2011, por lo que tampoco remiti\u00f3 los reportes a la SMA de acuerdo con lo que exige la normativa. En relaci\u00f3n con esta unidad fiscalizable, la SMA ya hab\u00eda iniciado un procedimiento sancionatorio en 2023&#8230;<\/p>\n","protected":false},"excerpt":{"rendered":"<p>&#8220;SMA formula cargos a Sociedad Minera Pac\u00edfico Sur por faltas ambientales en proyecto Mina El Toqui&#038;#822<\/p>\n","protected":false},"author":2,"featured_media":2613028,"comment_status":"","ping_status":"","sticky":false,"template":"","format":"standard","meta":{"footnotes":"","_share_on_mastodon":"0"},"categories":[785166],"tags":[40357,40356],"class_list":{"0":"post-2627658","1":"post","2":"type-post","3":"status-publish","4":"format-standard","5":"has-post-thumbnail","7":"category-chile","8":"tag-chile","9":"tag-40356"},"share_on_mastodon":{"url":"","error":""},"_links":{"self":[{"href":"https:\/\/www.wacoca.com\/news\/wp-json\/wp\/v2\/posts\/2627658","targetHints":{"allow":["GET"]}}],"collection":[{"href":"https:\/\/www.wacoca.com\/news\/wp-json\/wp\/v2\/posts"}],"about":[{"href":"https:\/\/www.wacoca.com\/news\/wp-json\/wp\/v2\/types\/post"}],"author":[{"embeddable":true,"href":"https:\/\/www.wacoca.com\/news\/wp-json\/wp\/v2\/users\/2"}],"replies":[{"embeddable":true,"href":"https:\/\/www.wacoca.com\/news\/wp-json\/wp\/v2\/comments?post=2627658"}],"version-history":[{"count":0,"href":"https:\/\/www.wacoca.com\/news\/wp-json\/wp\/v2\/posts\/2627658\/revisions"}],"wp:featuredmedia":[{"embeddable":true,"href":"https:\/\/www.wacoca.com\/news\/wp-json\/wp\/v2\/media\/2613028"}],"wp:attachment":[{"href":"https:\/\/www.wacoca.com\/news\/wp-json\/wp\/v2\/media?parent=2627658"}],"wp:term":[{"taxonomy":"category","embeddable":true,"href":"https:\/\/www.wacoca.com\/news\/wp-json\/wp\/v2\/categories?post=2627658"},{"taxonomy":"post_tag","embeddable":true,"href":"https:\/\/www.wacoca.com\/news\/wp-json\/wp\/v2\/tags?post=2627658"}],"curies":[{"name":"wp","href":"https:\/\/api.w.org\/{rel}","templated":true}]}}