{"id":2621701,"date":"2025-08-24T13:29:28","date_gmt":"2025-08-24T13:29:28","guid":{"rendered":"https:\/\/www.wacoca.com\/news\/2621701\/"},"modified":"2025-08-24T13:29:28","modified_gmt":"2025-08-24T13:29:28","slug":"argentina-inai-protocoliza-convenio-con-el-gobierno-de-tucuman-que-garantizaria-el-derecho-a-la-consulta-previa-de-los-pueblos-indigenas","status":"publish","type":"post","link":"https:\/\/www.wacoca.com\/news\/2621701\/","title":{"rendered":"Argentina: INAI protocoliza convenio con el gobierno de Tucum\u00e1n que garantizar\u00eda el derecho a la consulta previa de los pueblos ind\u00edgenas"},"content":{"rendered":"<p data-block-key=\"rmuof\">\u201cProvincia y Naci\u00f3n se unen para proteger los derechos ind\u00edgenas y garantizar su voz en las decisiones del Estado\u201d \u2013 02 de agosto de 2025<\/p>\n<p data-block-key=\"2u90l\">El derecho a la Consulta Previa, Libre e Informada es un pilar fundamental para garantizar la participaci\u00f3n activa de los pueblos ind\u00edgenas en las decisiones que impactan en sus territorios, recursos naturales y formas de vida. En un paso significativo hacia el cumplimiento de este principio, el Instituto Nacional de Asuntos Ind\u00edgenas (INAI), bajo la presidencia de Claudio Bernardo Avruj, protocoliz\u00f3 a trav\u00e9s de la Resoluci\u00f3n 117\/2025, publicada en el Bolet\u00edn Oficial de la Rep\u00fablica Argentina el pasado 24 de julio, un Convenio Marco de Cooperaci\u00f3n y Asistencia T\u00e9cnica con el Gobierno de la Provincia de Tucum\u00e1n. Este acuerdo, rubricado por el ministro de Gobierno y Justicia, Regino Amado, y el secretario de Estado de Derechos Humanos, Mario Racedo, busca implementar acciones conjuntas para promover el ejercicio pleno de los derechos ind\u00edgenas, en cumplimiento de los postulados constitucionales y los est\u00e1ndares internacionales.<\/p>\n<p data-block-key=\"5110a\">La Resoluci\u00f3n detalla que el convenio &#8220;tiene por objeto establecer acciones conjuntas y coordinadas, las que, en el marco de sus respectivas competencias, implementar\u00e1n actividades, capacitaciones, intercambio de informaci\u00f3n y realizaci\u00f3n de estudios para el desarrollo de la aplicabilidad del derecho a la Consulta Previa, Libre e Informada a los Pueblos Ind\u00edgenas\u201d. Este acuerdo materializa el mandato del Art\u00edculo 75, inciso 17 de la Constituci\u00f3n Nacional, que establece la obligaci\u00f3n de \u201casegurar su participaci\u00f3n en la gesti\u00f3n referida a sus recursos naturales y a los dem\u00e1s intereses que los afecten\u201d.<\/p>\n<p data-block-key=\"28kh8\">El Convenio tambi\u00e9n se alinea con el art\u00edculo 6 del Convenio 169 de la Organizaci\u00f3n Internacional del Trabajo (OIT), ratificado por Argentina mediante la Ley N\u00b0 24.071, que estipula que los gobiernos deben \u201cconsultar a los pueblos interesados, mediante procedimientos apropiados y, en particular, a trav\u00e9s de sus instituciones representativas, cada vez que se prevean medidas legislativas o administrativas susceptibles de afectarles directamente\u201d. En este sentido, el acuerdo entre el INAI y Tucum\u00e1n responde a un compromiso hist\u00f3rico y constitucional para garantizar el respeto a la preexistencia \u00e9tnica y cultural de los pueblos ind\u00edgenas, promoviendo un di\u00e1logo intercultural que respete sus instituciones y aspiraciones\u2026<\/p>\n","protected":false},"excerpt":{"rendered":"<p>\u201cProvincia y Naci\u00f3n se unen para proteger los derechos ind\u00edgenas y garantizar su voz en las decisiones del Est<\/p>\n","protected":false},"author":2,"featured_media":2621702,"comment_status":"","ping_status":"","sticky":false,"template":"","format":"standard","meta":{"footnotes":"","_share_on_mastodon":"0"},"categories":[785161],"tags":[133793,23370],"class_list":{"0":"post-2621701","1":"post","2":"type-post","3":"status-publish","4":"format-standard","5":"has-post-thumbnail","7":"category-argentina","8":"tag-argentina","9":"tag-23370"},"share_on_mastodon":{"url":"https:\/\/wakoka.com\/@news\/115083986019448599","error":""},"_links":{"self":[{"href":"https:\/\/www.wacoca.com\/news\/wp-json\/wp\/v2\/posts\/2621701","targetHints":{"allow":["GET"]}}],"collection":[{"href":"https:\/\/www.wacoca.com\/news\/wp-json\/wp\/v2\/posts"}],"about":[{"href":"https:\/\/www.wacoca.com\/news\/wp-json\/wp\/v2\/types\/post"}],"author":[{"embeddable":true,"href":"https:\/\/www.wacoca.com\/news\/wp-json\/wp\/v2\/users\/2"}],"replies":[{"embeddable":true,"href":"https:\/\/www.wacoca.com\/news\/wp-json\/wp\/v2\/comments?post=2621701"}],"version-history":[{"count":0,"href":"https:\/\/www.wacoca.com\/news\/wp-json\/wp\/v2\/posts\/2621701\/revisions"}],"wp:featuredmedia":[{"embeddable":true,"href":"https:\/\/www.wacoca.com\/news\/wp-json\/wp\/v2\/media\/2621702"}],"wp:attachment":[{"href":"https:\/\/www.wacoca.com\/news\/wp-json\/wp\/v2\/media?parent=2621701"}],"wp:term":[{"taxonomy":"category","embeddable":true,"href":"https:\/\/www.wacoca.com\/news\/wp-json\/wp\/v2\/categories?post=2621701"},{"taxonomy":"post_tag","embeddable":true,"href":"https:\/\/www.wacoca.com\/news\/wp-json\/wp\/v2\/tags?post=2621701"}],"curies":[{"name":"wp","href":"https:\/\/api.w.org\/{rel}","templated":true}]}}