{"id":2616059,"date":"2025-08-18T14:49:14","date_gmt":"2025-08-18T14:49:14","guid":{"rendered":"https:\/\/www.wacoca.com\/news\/2616059\/"},"modified":"2025-08-18T14:49:14","modified_gmt":"2025-08-18T14:49:14","slug":"chile-indigenas-de-huasteca-denuncian-ser-victimas-de-trata-laboral-por-parte-de-actores-economicos-agricolas","status":"publish","type":"post","link":"https:\/\/www.wacoca.com\/news\/2616059\/","title":{"rendered":"Chile: Ind\u00edgenas de Huasteca denuncian ser v\u00edctimas de trata laboral por parte de actores econ\u00f3micos agr\u00edcolas"},"content":{"rendered":"<p data-block-key=\"wkbb3\">\u201cDos denuncias por trata laboral de personas ind\u00edgenas\u201d \u2013 08 de julio de 2025<\/p>\n<p data-block-key=\"ckp19\">San Luis Potos\u00ed, SLP.- Durante 2025, la Fiscal\u00eda General del Estado de San Luis Potos\u00ed ha recibido dos denuncias formales por trata de personas con fines de explotaci\u00f3n laboral, cuyas v\u00edctimas son en su mayor\u00eda originarias de comunidades ind\u00edgenas y rurales de la regi\u00f3n Huasteca.<\/p>\n<p data-block-key=\"fc2up\">La fiscal general del estado Manuela Garc\u00eda C\u00e1zares, informa que estas personas fueron contactadas con promesas de trabajo en el Altiplano potosino, sin embargo, al llegar al lugar se encontraron con condiciones completamente distintas a las pactadas, jornadas extenuantes, viviendas indignas y labores agr\u00edcolas intensivas, principalmente en la cosecha de jitomate y chile.<\/p>\n<p data-block-key=\"bhpg9\">\u201cGeneralmente les ofrecen un trabajo, pero cuando llegan las condiciones no son las acordadas y las jornadas laborales son excesivas\u201d, explic\u00f3 la funcionaria.<\/p>\n<p data-block-key=\"2hmvs\">La investigaci\u00f3n est\u00e1 a cargo de la Unidad Especializada en Trata de Personas. Garc\u00eda C\u00e1zares hizo un llamado a la ciudadan\u00eda a denunciar cualquier caso de este tipo para frenar estas pr\u00e1cticas que vulneran gravemente los derechos humanos de personas en situaci\u00f3n de vulnerabilidad.<\/p>\n<p data-block-key=\"bcg8q\">\u201cEn este a\u00f1o tenemos aproximadamente dos denuncias. Es un tema que se debe seguir denunciando\u201d, insisti\u00f3.<\/p>\n","protected":false},"excerpt":{"rendered":"<p>\u201cDos denuncias por trata laboral de personas ind\u00edgenas\u201d \u2013 08 de julio de 2025 San Luis Potos\u00ed, SLP.- Durante 2<\/p>\n","protected":false},"author":2,"featured_media":2616060,"comment_status":"","ping_status":"","sticky":false,"template":"","format":"standard","meta":{"footnotes":"","_share_on_mastodon":"0"},"categories":[785166],"tags":[40357,40356],"class_list":{"0":"post-2616059","1":"post","2":"type-post","3":"status-publish","4":"format-standard","5":"has-post-thumbnail","7":"category-chile","8":"tag-chile","9":"tag-40356"},"share_on_mastodon":{"url":"https:\/\/wakoka.com\/@news\/115050330530706233","error":""},"_links":{"self":[{"href":"https:\/\/www.wacoca.com\/news\/wp-json\/wp\/v2\/posts\/2616059","targetHints":{"allow":["GET"]}}],"collection":[{"href":"https:\/\/www.wacoca.com\/news\/wp-json\/wp\/v2\/posts"}],"about":[{"href":"https:\/\/www.wacoca.com\/news\/wp-json\/wp\/v2\/types\/post"}],"author":[{"embeddable":true,"href":"https:\/\/www.wacoca.com\/news\/wp-json\/wp\/v2\/users\/2"}],"replies":[{"embeddable":true,"href":"https:\/\/www.wacoca.com\/news\/wp-json\/wp\/v2\/comments?post=2616059"}],"version-history":[{"count":0,"href":"https:\/\/www.wacoca.com\/news\/wp-json\/wp\/v2\/posts\/2616059\/revisions"}],"wp:featuredmedia":[{"embeddable":true,"href":"https:\/\/www.wacoca.com\/news\/wp-json\/wp\/v2\/media\/2616060"}],"wp:attachment":[{"href":"https:\/\/www.wacoca.com\/news\/wp-json\/wp\/v2\/media?parent=2616059"}],"wp:term":[{"taxonomy":"category","embeddable":true,"href":"https:\/\/www.wacoca.com\/news\/wp-json\/wp\/v2\/categories?post=2616059"},{"taxonomy":"post_tag","embeddable":true,"href":"https:\/\/www.wacoca.com\/news\/wp-json\/wp\/v2\/tags?post=2616059"}],"curies":[{"name":"wp","href":"https:\/\/api.w.org\/{rel}","templated":true}]}}