{"id":2612574,"date":"2025-08-14T17:10:03","date_gmt":"2025-08-14T17:10:03","guid":{"rendered":"https:\/\/www.wacoca.com\/news\/2612574\/"},"modified":"2025-08-14T17:10:03","modified_gmt":"2025-08-14T17:10:03","slug":"argentina-investigacion-evalua-impactos-del-proyecto-fenix-de-arcadium-lithium-la-mina-de-litio-mas-antigua-del-pais-incluye-comentarios-de-la-empresa","status":"publish","type":"post","link":"https:\/\/www.wacoca.com\/news\/2612574\/","title":{"rendered":"Argentina: Investigaci\u00f3n eval\u00faa impactos del proyecto F\u00e9nix de Arcadium Lithium, la mina de litio m\u00e1s antigua del pa\u00eds; incluye comentarios de la empresa"},"content":{"rendered":"<p data-block-key=\"wvteo\">&#8220;El r\u00edo argentino que padece el litio&#8221;, 30 de octubre de 2024<\/p>\n<p data-block-key=\"e55qg\">&#8230;All\u00ed se levanta el proyecto F\u00e9nix de Arcadium Lithium que opera en el Salar del Hombre Muerto, la mina de litio m\u00e1s antigua de Argentina.<\/p>\n<p data-block-key=\"2dimj\">Las huellas que dej\u00f3 la miner\u00eda podr\u00edan ser una advertencia sobre el impacto para el medio ambiente a futuro, mientras en Argentina se multiplican los proyectos de litio. Las manchas negras de vegetaci\u00f3n muerta es lo primero que se aprecia sobre la vega seca, donde hace pocos a\u00f1os corr\u00eda el r\u00edo Trapiche. La tierra reseca se extiende por unos siete kil\u00f3metros de largo, donde antes corr\u00eda el agua que alimentaba pastizales, vicu\u00f1as, pumas, gatos andinos y hasta tres especies de flamencos. Ya no se ven esos animales en la zona.<\/p>\n<p data-block-key=\"13nvt\">El viaje de Ruido al Salar de Hombre Muerto hace parte de \u201cLas Grietas del Litio\u201d, una investigaci\u00f3n coordinada por el Centro Latinoamericano de investigaci\u00f3n Period\u00edstica (CLIP), junto con N\u00f3madas de Bolivia, Dialogue Earth, CIPER de Chile y estudiantes de maestr\u00eda de la Universidad de Columbia, en Nueva York, que se propuso indagar sobre la otra cara del litio, un mineral que se propone como una soluci\u00f3n al cambio clim\u00e1tico pero que ya ha causado impactos ambientales tangibles en Argentina y Chile.<\/p>\n<p data-block-key=\"2d2ku\">&#8230;Estas consecuencias abren un interrogante sobre cu\u00e1les podr\u00edan ser los da\u00f1os para la regi\u00f3n que abastece de litio para fabricar los coches el\u00e9ctricos que circulan en Estados Unidos y Europa para cumplir con sus metas medioambientales&#8230;<\/p>\n<p data-block-key=\"67b2m\">Pese a que hist\u00f3ricamente el proyecto F\u00e9nix en Hombre Muerto fue manejado por Livent, esta compa\u00f1\u00eda de capitales estadounidenses se fusion\u00f3 a principios de 2024 con la australiana Alkem para crear Arcadium Lithium&#8230;<\/p>\n<p data-block-key=\"babf5\">Adem\u00e1s de las conclusiones ya mencionadas sobre el Salar de Hombre Muerto, la FARN sostiene que el uso de salmueras para la miner\u00eda de litio puede provocar un desequilibrio en la hidrolog\u00eda del salar&#8230;\u00a0<\/p>\n<p data-block-key=\"a63ac\">En el \u00faltimo reporte disponible de sustentabilidad de la compa\u00f1\u00eda de 2022, que enviaron a esta alianza como \u00fanica respuesta a las preguntas realizadas, la minera sostiene lo contrario. Es decir, que los efectos de la miner\u00eda de litio son reversibles y que la compa\u00f1\u00eda utiliza muy poco del agua que fluye a caudales desde la Cordillera de los Andes: apenas el 2%. Reportaron que trabajan con especialistas externos para asegurarse de que \u201cla extracci\u00f3n de agua y salmuera se realice a un ritmo que mantenga el equilibrio natural de este ecosistema\u201d, que est\u00e1n vigilados por el gobierno provincial.\u00a0<\/p>\n<p data-block-key=\"2bvss\">&#8230;\u201cLas conclusiones generales del estudio confirmaron nuestra comprensi\u00f3n de las singulares caracter\u00edsticas hidrol\u00f3gicas del Salar del Hombre Muerto, as\u00ed como la disponibilidad de recursos h\u00eddricos suficientes para llevar a cabo operaciones y expansiones de manera responsable\u201d, sostuvo la minera&#8230;<\/p>\n<p data-block-key=\"62l7l\">Por \u00faltimo desde la empresa aseguraron que junto con la Fundaci\u00f3n EcoConciencia y vecinos de la regi\u00f3n realizan tareas ambientales como la replantaci\u00f3n de \u00e1rboles, mejoras en el sistema de riego, monitoreo de especies y seguimiento de la fauna en la zona&#8230;<\/p>\n","protected":false},"excerpt":{"rendered":"<p>&#8220;El r\u00edo argentino que padece el litio&#8221;, 30 de octubre de 2024 &#8230;All\u00ed se levanta el proyecto F<\/p>\n","protected":false},"author":2,"featured_media":2612575,"comment_status":"","ping_status":"","sticky":false,"template":"","format":"standard","meta":{"footnotes":"","_share_on_mastodon":"0"},"categories":[785161],"tags":[133793,23370],"class_list":{"0":"post-2612574","1":"post","2":"type-post","3":"status-publish","4":"format-standard","5":"has-post-thumbnail","7":"category-argentina","8":"tag-argentina","9":"tag-23370"},"share_on_mastodon":{"url":"https:\/\/wakoka.com\/@news\/115028231861053585","error":""},"_links":{"self":[{"href":"https:\/\/www.wacoca.com\/news\/wp-json\/wp\/v2\/posts\/2612574","targetHints":{"allow":["GET"]}}],"collection":[{"href":"https:\/\/www.wacoca.com\/news\/wp-json\/wp\/v2\/posts"}],"about":[{"href":"https:\/\/www.wacoca.com\/news\/wp-json\/wp\/v2\/types\/post"}],"author":[{"embeddable":true,"href":"https:\/\/www.wacoca.com\/news\/wp-json\/wp\/v2\/users\/2"}],"replies":[{"embeddable":true,"href":"https:\/\/www.wacoca.com\/news\/wp-json\/wp\/v2\/comments?post=2612574"}],"version-history":[{"count":0,"href":"https:\/\/www.wacoca.com\/news\/wp-json\/wp\/v2\/posts\/2612574\/revisions"}],"wp:featuredmedia":[{"embeddable":true,"href":"https:\/\/www.wacoca.com\/news\/wp-json\/wp\/v2\/media\/2612575"}],"wp:attachment":[{"href":"https:\/\/www.wacoca.com\/news\/wp-json\/wp\/v2\/media?parent=2612574"}],"wp:term":[{"taxonomy":"category","embeddable":true,"href":"https:\/\/www.wacoca.com\/news\/wp-json\/wp\/v2\/categories?post=2612574"},{"taxonomy":"post_tag","embeddable":true,"href":"https:\/\/www.wacoca.com\/news\/wp-json\/wp\/v2\/tags?post=2612574"}],"curies":[{"name":"wp","href":"https:\/\/api.w.org\/{rel}","templated":true}]}}