{"id":2607059,"date":"2025-08-08T15:20:19","date_gmt":"2025-08-08T15:20:19","guid":{"rendered":"https:\/\/www.wacoca.com\/news\/2607059\/"},"modified":"2025-08-08T15:20:19","modified_gmt":"2025-08-08T15:20:19","slug":"chile-comentario-demanda-por-contaminacion-ambiental-pone-el-foco-en-las-consecuencias-de-decadas-de-mineria-a-gran-escala","status":"publish","type":"post","link":"https:\/\/www.wacoca.com\/news\/2607059\/","title":{"rendered":"Chile: Comentario: Demanda por contaminaci\u00f3n ambiental pone el foco en las consecuencias de d\u00e9cadas de miner\u00eda a gran escala"},"content":{"rendered":"<p data-block-key=\"1ets1\">&#8220;La demanda por contaminaci\u00f3n que podr\u00eda sacudir la miner\u00eda de cobre en Chile&#8221;, 30 de julio 2025<\/p>\n<p data-block-key=\"cmjub\">&#8230;El cobre es fundamental para la transici\u00f3n energ\u00e9tica mundial y, dado que Chile es el pa\u00eds que produce m\u00e1s cobre, su papel es clave. Solo entre 2023 y 2024, las exportaciones de este mineral de Chile a China, su mayor mercado, crecieron m\u00e1s de un 19%&#8230;<\/p>\n<p data-block-key=\"d7qd2\"> La mina a cielo abierto Divisi\u00f3n Ministro Hales en Calama. Situada en una de las regiones chilenas con las tasas m\u00e1s altas de mortalidad por c\u00e1ncer, Calama fue considerada \u201csaturada\u201d por part\u00edculas que superaban el l\u00edmite nacional de contaminaci\u00f3n atmosf\u00e9rica hace m\u00e1s de 15 a\u00f1os&#8230;<\/p>\n<p data-block-key=\"bf1ce\">Pero m\u00e1s de un siglo de miner\u00eda de cobre intensiva y a gran escala en Antofagasta ha dejado consecuencias sociales y ambientales. La regi\u00f3n tiene una de las tasas de mortalidad por c\u00e1ncer m\u00e1s alta del pa\u00eds, seg\u00fan datos del Ministerio de Salud, y la incidencia del c\u00e1ncer de pulm\u00f3n es casi tres veces mayor que el promedio nacional.<\/p>\n<p data-block-key=\"85lmk\">En 2009, el gobierno declar\u00f3 a Calama \u201csaturada\u201d con part\u00edculas de aire contaminado que incumpl\u00edan el l\u00edmite legal del pa\u00eds, permaneciendo de esta manera hasta la fecha&#8230;<\/p>\n<p data-block-key=\"8f1ba\">De acuerdo a la normativa local, al a\u00f1o siguiente que la ciudad se declarara saturada, las autoridades deber\u00edan haber implementado un plan de descontaminaci\u00f3n ambiental. Sin embargo, este fue presentado reci\u00e9n en mayo de 2022, trece a\u00f1os despu\u00e9s, solo para recibir el rechazo inmediato de la ciudadan\u00eda y de las distintas agrupaciones como la Coordinadora, quienes lo acusaron de estar basado en escenarios falsos para los cuales presentaba soluciones insuficientes. Fue aceptado por las autoridades, pero posteriormente anulado por el Primer Tribunal Ambiental de Chile, el mismo que admiti\u00f3 a tr\u00e1mite la demanda por contaminaci\u00f3n ambiental presentada por la Coordinadora en abril de este a\u00f1o.<\/p>\n<p data-block-key=\"a0d6e\">La sentencia dictamin\u00f3 que \u201cla autoridad medioambiental retir\u00f3 una estaci\u00f3n de control que anteriormente serv\u00eda de base para declarar la ciudad zona saturada\u201d, lo que significaba que no hab\u00eda datos suficientes para preparar adecuadamente un plan de descontaminaci\u00f3n&#8230;<\/p>\n<p data-block-key=\"96boh\">Dialogue Earth contact\u00f3 a los Ministerios de Ambiente y de Salud y a las empresas involucradas en la denuncia, pero no obtuvo respuestas.<\/p>\n<p data-block-key=\"dqdei\">\u201cEl Estado va a querer negociar, comprometerse a otra mesa de di\u00e1logo, otra instancia mediadora. Pero todo eso ya fracas\u00f3 muchas veces aqu\u00ed en Calama. Nuestra intenci\u00f3n es ver esto hasta el final\u201d, dice Chamorro&#8230;<\/p>\n","protected":false},"excerpt":{"rendered":"<p>&#8220;La demanda por contaminaci\u00f3n que podr\u00eda sacudir la miner\u00eda de cobre en Chile&#8221;, 30 de julio 2025 &#038;<\/p>\n","protected":false},"author":2,"featured_media":2607060,"comment_status":"","ping_status":"","sticky":false,"template":"","format":"standard","meta":{"footnotes":"","_share_on_mastodon":"0"},"categories":[785166],"tags":[40357,40356],"class_list":{"0":"post-2607059","1":"post","2":"type-post","3":"status-publish","4":"format-standard","5":"has-post-thumbnail","7":"category-chile","8":"tag-chile","9":"tag-40356"},"share_on_mastodon":{"url":"https:\/\/wakoka.com\/@news\/114993825501056983","error":""},"_links":{"self":[{"href":"https:\/\/www.wacoca.com\/news\/wp-json\/wp\/v2\/posts\/2607059","targetHints":{"allow":["GET"]}}],"collection":[{"href":"https:\/\/www.wacoca.com\/news\/wp-json\/wp\/v2\/posts"}],"about":[{"href":"https:\/\/www.wacoca.com\/news\/wp-json\/wp\/v2\/types\/post"}],"author":[{"embeddable":true,"href":"https:\/\/www.wacoca.com\/news\/wp-json\/wp\/v2\/users\/2"}],"replies":[{"embeddable":true,"href":"https:\/\/www.wacoca.com\/news\/wp-json\/wp\/v2\/comments?post=2607059"}],"version-history":[{"count":0,"href":"https:\/\/www.wacoca.com\/news\/wp-json\/wp\/v2\/posts\/2607059\/revisions"}],"wp:featuredmedia":[{"embeddable":true,"href":"https:\/\/www.wacoca.com\/news\/wp-json\/wp\/v2\/media\/2607060"}],"wp:attachment":[{"href":"https:\/\/www.wacoca.com\/news\/wp-json\/wp\/v2\/media?parent=2607059"}],"wp:term":[{"taxonomy":"category","embeddable":true,"href":"https:\/\/www.wacoca.com\/news\/wp-json\/wp\/v2\/categories?post=2607059"},{"taxonomy":"post_tag","embeddable":true,"href":"https:\/\/www.wacoca.com\/news\/wp-json\/wp\/v2\/tags?post=2607059"}],"curies":[{"name":"wp","href":"https:\/\/api.w.org\/{rel}","templated":true}]}}