{"id":2605236,"date":"2025-08-06T21:19:19","date_gmt":"2025-08-06T21:19:19","guid":{"rendered":"https:\/\/www.wacoca.com\/news\/2605236\/"},"modified":"2025-08-06T21:19:19","modified_gmt":"2025-08-06T21:19:19","slug":"flotilla-japonesa-zarpo-de-valparaiso","status":"publish","type":"post","link":"https:\/\/www.wacoca.com\/news\/2605236\/","title":{"rendered":"Flotilla japonesa zarp\u00f3 de Valpara\u00edso"},"content":{"rendered":"<p class=\"s16\" style=\"text-align: justify;\">PRIZONA. Durante la ma\u00f1ana de este martes 05 de agosto, zarp\u00f3 rumbo a Argentina, la Flotilla de Entrenamiento de la Fuerza Mar\u00edtima de Autodefensa de Jap\u00f3n; la cual recal\u00f3 al puerto de Valpara\u00edso la jornada del s\u00e1bado 02.<\/p>\n<p class=\"s16\" style=\"text-align: justify;\">En el marco de la visita realizada, con motivo del viaje de instrucci\u00f3n de los Guardiamarinas, la ma\u00f1ana dellunes 04 de agosto; en el Monumento a la Marina Nacional se efectu\u00f3 una Ceremonia de Colocaci\u00f3n de Ofrenda Floral.<\/p>\n<p class=\"s16\" style=\"text-align: justify;\">Es as\u00ed como, el Comandante de la Flotilla de Entrenamiento de la Fuerza Mar\u00edtima de Autodefensa de Jap\u00f3n, Contraalmirante Hiroshi Watanabe; junto a los Comandantes de las Unidades que integran la Flotilla participaron de la ceremonia.<\/p>\n<p class=\"s16\" style=\"text-align: justify;\">Las autoridades navales de Jap\u00f3n, fueron recibidas por el Comandante en Jefe de la Primera Zona Naval, Contraalmirante C\u00e9sar Delgado, quien estuvo acompa\u00f1ado por su Jefe de Estado Mayor y por los Comandantes de los Buques consortes.<\/p>\n<p class=\"s16\" style=\"text-align: justify;\">En paralelo, una delegaci\u00f3n de Guardiamarinas de la Armada de Jap\u00f3n visit\u00f3 el Museo Mar\u00edtimo Nacional, efectuando un recorrido guiado por las diferentes salas y exposiciones de dicho centro cultural.<\/p>\n<p class=\"s17\" style=\"text-align: justify;\">Actividades en puerto<\/p>\n<p class=\"s16\" style=\"text-align: justify;\">Tras la recalada de la Flotilla de Entrenamiento, las dotaciones de ambas Unidades participaron en diferentes actividades entre las que se destacan una visita al Cementerio de Disidentes; a la Escuela Naval \u201cArturo Prat\u201d; y un encuentro de Bandas Navales de Chile \u2013 Jap\u00f3n, realizado en dependencias de la Academia Polit\u00e9cnica Naval. <\/p>\n<p class=\"s16\" style=\"text-align: justify;\">Asimismo, durante la jornada del domingo 03 de agosto el JS \u201cKashima\u201d y el JS \u201cShimakase\u201d recibieron 2.298 visitas de p\u00fablico general. <\/p>\n<p class=\"s16\" style=\"text-align: justify;\">[Traducci\u00f3n al japon\u00e9s \/ \u65e5\u672c\u8a9e\u8a33]<\/p>\n<p style=\"text-align: justify;\">\u6d77\u4e0a\u81ea\u885b\u968a\u7df4\u7fd2\u8266\u968a\u306f\u3001\u822a\u6d77\u3092\u7d9a\u3051\u308b\u305f\u3081\u30d0\u30eb\u30d1\u30e9\u30a4\u30bd\u3092\u51fa\u6e2f\u3057\u307e\u3057\u305f\u3002<\/p>\n<p style=\"text-align: justify;\">2025\u5e748\u67085\u65e5\uff08\u706b\uff09<\/p>\n<p style=\"text-align: justify;\">\u4e21\u90e8\u968a\u306e\u4e57\u7d44\u54e1\u306f\u3001\u53cd\u4f53\u5236\u6d3e\u5893\u5730\u3001\u30a2\u30eb\u30c8\u30a5\u30fc\u30ed\u30fb\u30d7\u30e9\u30c3\u30c8\u6d77\u8ecd\u5b66\u6821\u3078\u306e\u8a2a\u554f\u3001\u30c1\u30ea\u30fb\u65e5\u672c\u6d77\u8ecd\u97f3\u697d\u968a\u3068\u306e\u4f1a\u5408\u306a\u3069\u3001\u69d8\u3005\u306a\u6d3b\u52d5\u306b\u53c2\u52a0\u3057\u307e\u3057\u305f\u3002<\/p>\n<p style=\"text-align: justify;\">PRIZONA 8\u67085\u65e5\uff08\u706b\uff09\u5348\u524d\u3001\u6d77\u4e0a\u81ea\u885b\u968a\u7df4\u7fd2\u8266\u968a\u306f\u30a2\u30eb\u30bc\u30f3\u30c1\u30f3\u306b\u5411\u3051\u3066\u51fa\u822a\u3057\u30018\u67082\u65e5\uff08\u571f\uff09\u306b\u30d0\u30eb\u30d1\u30e9\u30a4\u30bd\u6e2f\u306b\u5230\u7740\u3057\u307e\u3057\u305f\u3002<\/p>\n<p style=\"text-align: justify;\">\u8a2a\u554f\u306e\u4e00\u74b0\u3068\u3057\u3066\u3001\u58eb\u5b98\u5019\u88dc\u751f\u306e\u8a13\u7df4\u822a\u6d77\u3092\u8a18\u5ff5\u3057\u30018\u67084\u65e5\uff08\u6708\uff09\u5348\u524d\u3001\u56fd\u7acb\u6d77\u8ecd\u8a18\u5ff5\u7891\u306b\u304a\u3044\u3066\u732e\u82b1\u5f0f\u304c\u884c\u308f\u308c\u307e\u3057\u305f\u3002<\/p>\n<p style=\"text-align: justify;\">\u6d77\u4e0a\u81ea\u885b\u968a\u7df4\u7fd2\u8266\u968a\u53f8\u4ee4\u5b98\u3001\u6e21\u8fba\u535a\u5fd7\u5c11\u5c06\u3092\u306f\u3058\u3081\u3068\u3059\u308b\u8266\u968a\u5404\u90e8\u968a\u306e\u53f8\u4ee4\u5b98\u3089\u304c\u5f0f\u5178\u306b\u53c2\u52a0\u3057\u307e\u3057\u305f\u3002<\/p>\n<p style=\"text-align: justify;\">\u6d77\u8ecd\u5f53\u5c40\u306f\u3001\u7b2c\u4e00\u8ecd\u533a\u53f8\u4ee4\u5b98\u3001\u30bb\u30b5\u30eb\u30fb\u30c7\u30eb\u30ac\u30fc\u30c9\u5c11\u5c06\u306e\u51fa\u8fce\u3048\u3092\u53d7\u3051\u3001\u540c\u5c11\u5c06\u306f\u53c2\u8b00\u9577\u53ca\u3073\u50da\u8266\u306e\u53f8\u4ee4\u5b98\u3089\u306b\u540c\u884c\u3055\u308c\u307e\u3057\u305f\u3002<\/p>\n<p style=\"text-align: justify;\">\u540c\u6642\u306b\u3001\u65e5\u672c\u6d77\u8ecd\u306e\u58eb\u5b98\u5019\u88dc\u751f\u4ee3\u8868\u56e3\u304c\u56fd\u7acb\u6d77\u6d0b\u535a\u7269\u9928\u3092\u8a2a\u308c\u3001\u6587\u5316\u30bb\u30f3\u30bf\u30fc\u5185\u306e\u69d8\u3005\u306a\u30db\u30fc\u30eb\u3084\u5c55\u793a\u3092\u30ac\u30a4\u30c9\u4ed8\u304d\u3067\u898b\u5b66\u3057\u307e\u3057\u305f\u3002<\/p>\n<p style=\"text-align: justify;\">\u6e2f\u6e7e\u6d3b\u52d5<\/p>\n<p style=\"text-align: justify;\">\u8a13\u7df4\u8266\u968a\u306e\u62db\u96c6\u3092\u53d7\u3051\u3001\u4e21\u90e8\u968a\u306e\u4e57\u7d44\u54e1\u306f\u3001\u53cd\u4f53\u5236\u6d3e\u5893\u5730\u3001\u30a2\u30eb\u30c8\u30a5\u30fc\u30ed\u30fb\u30d7\u30e9\u30c3\u30c8\u6d77\u8ecd\u5b66\u6821\u3001\u6d77\u8ecd\u5de5\u5175\u5b66\u6821\u3067\u958b\u50ac\u3055\u308c\u305f\u30c1\u30ea\u30fb\u65e5\u672c\u6d77\u8ecd\u97f3\u697d\u968a\u306e\u4f1a\u5408\u306a\u3069\u3001\u69d8\u3005\u306a\u6d3b\u52d5\u306b\u53c2\u52a0\u3057\u307e\u3057\u305f\u3002<\/p>\n<p style=\"text-align: justify;\">\u540c\u69d8\u306b\u30018\u67083\u65e5\uff08\u65e5\uff09\u306b\u306f\u3001\u8b77\u885b\u8266\u300c\u304b\u3057\u307e\u300d\u3068\u8b77\u885b\u8266\u300c\u3057\u307e\u304b\u305b\u300d\u304c\u4e00\u822c\u306e\u65b9\u304b\u30892,298\u4eba\u306e\u898b\u5b66\u3092\u53d7\u3051\u307e\u3057\u305f\u3002<\/p>\n","protected":false},"excerpt":{"rendered":"<p>PRIZONA. Durante la ma\u00f1ana de este martes 05 de agosto, zarp\u00f3 rumbo a Argentina, la Flotilla de Entrenamiento <\/p>\n","protected":false},"author":2,"featured_media":2605237,"comment_status":"","ping_status":"","sticky":false,"template":"","format":"standard","meta":{"footnotes":"","_share_on_mastodon":"0"},"categories":[785166],"tags":[40357,40356],"class_list":{"0":"post-2605236","1":"post","2":"type-post","3":"status-publish","4":"format-standard","5":"has-post-thumbnail","7":"category-chile","8":"tag-chile","9":"tag-40356"},"share_on_mastodon":{"url":"https:\/\/wakoka.com\/@news\/114983912430768030","error":""},"_links":{"self":[{"href":"https:\/\/www.wacoca.com\/news\/wp-json\/wp\/v2\/posts\/2605236","targetHints":{"allow":["GET"]}}],"collection":[{"href":"https:\/\/www.wacoca.com\/news\/wp-json\/wp\/v2\/posts"}],"about":[{"href":"https:\/\/www.wacoca.com\/news\/wp-json\/wp\/v2\/types\/post"}],"author":[{"embeddable":true,"href":"https:\/\/www.wacoca.com\/news\/wp-json\/wp\/v2\/users\/2"}],"replies":[{"embeddable":true,"href":"https:\/\/www.wacoca.com\/news\/wp-json\/wp\/v2\/comments?post=2605236"}],"version-history":[{"count":0,"href":"https:\/\/www.wacoca.com\/news\/wp-json\/wp\/v2\/posts\/2605236\/revisions"}],"wp:featuredmedia":[{"embeddable":true,"href":"https:\/\/www.wacoca.com\/news\/wp-json\/wp\/v2\/media\/2605237"}],"wp:attachment":[{"href":"https:\/\/www.wacoca.com\/news\/wp-json\/wp\/v2\/media?parent=2605236"}],"wp:term":[{"taxonomy":"category","embeddable":true,"href":"https:\/\/www.wacoca.com\/news\/wp-json\/wp\/v2\/categories?post=2605236"},{"taxonomy":"post_tag","embeddable":true,"href":"https:\/\/www.wacoca.com\/news\/wp-json\/wp\/v2\/tags?post=2605236"}],"curies":[{"name":"wp","href":"https:\/\/api.w.org\/{rel}","templated":true}]}}