{"id":2600657,"date":"2025-08-01T20:56:16","date_gmt":"2025-08-01T20:56:16","guid":{"rendered":"https:\/\/www.wacoca.com\/news\/2600657\/"},"modified":"2025-08-01T20:56:16","modified_gmt":"2025-08-01T20:56:16","slug":"la-septima-edicion-de-la-carrera-especial-la-plata-capital-entrego-un-premio-de-mas-de-usd-5-300-%e3%83%a8%e3%82%b4%e3%83%8d%e3%83%83%e3%83%88-%e3%83%a9%e3%83%86%e3%83%b3%e3%82%a2%e3%83%a1%e3%83%aa","status":"publish","type":"post","link":"https:\/\/www.wacoca.com\/news\/2600657\/","title":{"rendered":"La s\u00e9ptima edici\u00f3n de la carrera Especial La Plata Capital entreg\u00f3 un premio de m\u00e1s de USD 5.300 |\u30e8\u30b4\u30cd\u30c3\u30c8 \u30e9\u30c6\u30f3\u30a2\u30e1\u30ea\u30ab"},"content":{"rendered":"<p class=\"gt-block\">27 \u6708 XNUMX \u65e5\u3001\u5bb6\u65cf\u5168\u54e1\u3067\u30dd\u30ed \u30c7 \u30a2\u30c8\u30e9\u30af\u30b7\u30e7\u30f3\u3092\u5b9f\u884c\u3057\u3001\u829d\u751f\u306e\u5b89\u5168\u3092\u78ba\u8a8d\u3057\u307e\u3059\u3002 \u30e9\u30d7\u30e9\u30bf\u7af6\u99ac\u5834\u300111\u306e\u80fd\u529b\u3092\u6709\u3059\u308b\u00a0\u5b9f\u73fe\u3059\u308b\u307e\u3067 la s\u00e9ptima edici\u00f3n de la carrera \u300c\u7279\u5225\u306a\u30e9 \u30d7\u30e9\u30bf\u9996\u90fd\u300d\u305d\u306e \u53d7\u8cde\u6b74 \u30ac\u30ca\u30c9\u30fc\u30eb\u3068\u306e\u4fa1\u683c\u306f 7 \u4e07 ARS (USD 5.300) \u3067\u3059\u3002<\/p>\n<p>\u30ed\u30c3\u30c6\u30ea\u30a2\u5dde\u30ab\u30b8\u30ce\u5927\u7d71\u9818\u7814\u7a76\u6240 (IPlyC\u30d6\u30a8\u30ce\u30b9\u30a2\u30a4\u30ec\u30b9\u3001 \u30b4\u30f3\u30b5\u30ed\u30fb\u30a2\u30bf\u30ca\u30bd\u30d5 \u30a2\u30ea\u30a8\u30eb\u30fb\u30a2\u30eb\u30c1\u30e3\u30f3\u30b3\u3068\u30eb\u30b7\u30a2\u30fb\u30a4\u30a2\u30cb\u30a7\u30b9\u30fb\u30a8\u30b9\u30c8\u30a5\u30f4\u30a3\u30a8\u30ed\u30f3\u30fb\u30d7\u30ec\u30bc\u30f3\u30c6\u30b9\u3001\u30ed\u30b9\u30fb\u30c7\u30a3\u30d7\u30bf\u30c9\u30b9\u5dde\u306e\u6e96\u5099 \u5730\u4e0b\u9244 1.400 \u30e1\u30fc\u30c8\u30eb\u306e\u7279\u5225\u306a\u99c5\u3067\u3001\u30b4\u30f3\u30b5\u30ed \u30dc\u30eb\u30c0\u3068\u30b9\u30da\u30a4\u30f3\u306e\u8cb4\u65cf\u306e\u3088\u3046\u306a\u4f1a\u8a71\u3092\u697d\u3057\u307f\u307e\u3057\u3087\u3046\u3002<\/p>\n<p class=\"gt-block\"><img decoding=\"async\" src=\"https:\/\/www.wacoca.com\/news\/wp-content\/uploads\/2025\/08\/1753795695-carrera-especial-la-plata-hipodromo-la-plata.jpg\" alt=\"\"\/><\/p>\n<p>\u300c\u533b\u7642\u6a5f\u95a2\u306e\u5b89\u5168\u306a\u7ba1\u7406\u3092\u7ba1\u7406\u3059\u308b\u7814\u7a76\u6240\u306f\u3001\u30d7\u30e9\u30c6\u30f3\u30bb\u30b9\u306e\u5b89\u5168\u6027\u3068\u5b89\u5168\u6027\u3092\u7dad\u6301\u3059\u308b\u305f\u3081\u306e\u5b89\u5168\u306a\u7ba1\u7406\u3092\u7dad\u6301\u3057\u307e\u3059\u3002\u3001con actividades los 365 dias del a\u00f1o donde se puedan disfrutar de una tradicional carrera y tambi\u00e9n de un recital\u3001hacer deportes o venir a bailar Tango\u300d\u3001\u30a2\u30d5\u30a3\u30eb\u30e2 \u30a2\u30bf\u30ca\u30bd\u30d5\u3002<\/p>\n<p>IPLyC \u306e\u8a18\u9332\u3092\u4f5c\u6210\u3057\u3001\u30e9 \u30d7\u30e9\u30bf\u5e02\u306e\u521d\u671f\u8abf\u6574\u3092\u884c\u3044\u307e\u3059\u3002 \u30c7\u30e5\u30e9\u30f3\u30c6 \u30e9\u30b9 \u30d0\u30ab\u30b7\u30aa\u30cd\u30b9 \u30c7 \u30a4\u30f3\u30d3\u30a8\u30eb\u30ce\u3001 \u73fe\u5b9f\u306b\u8a2a\u554f\u3057\u3001\u4e8b\u524d\u306b\u8a2a\u554f\u3057\u3001\u5fc5\u8981\u306a\u60c5\u5831\u3092\u78ba\u8a8d\u3057\u3001\u6d3b\u52d5\u3092\u958b\u59cb\u3057\u307e\u3059\u3002 (\u7363\u533b\u30b5\u30fc\u30d3\u30b9\u3001\u30af\u30a2\u30eb\u30c8 \u30c7 \u30e2\u30f3\u30c8\u30a5\u30fc\u30e9\u3001\u30da\u30b5\u30d8\u3001\u30b3\u30df\u30b5\u30ea\u30a2\u30c8\u3001\u30dd\u30c7\u30a3\u30aa)\u3002<\/p>\n","protected":false},"excerpt":{"rendered":"<p>27 \u6708 XNUMX \u65e5\u3001\u5bb6\u65cf\u5168\u54e1\u3067\u30dd\u30ed \u30c7 \u30a2\u30c8\u30e9\u30af\u30b7\u30e7\u30f3\u3092\u5b9f\u884c\u3057\u3001\u829d\u751f\u306e\u5b89\u5168\u3092\u78ba\u8a8d\u3057\u307e\u3059\u3002 \u30e9\u30d7\u30e9\u30bf\u7af6\u99ac\u5834\u300111\u306e\u80fd\u529b\u3092\u6709\u3059\u308b\u00a0\u5b9f\u73fe\u3059\u308b\u307e\u3067 la s\u00e9ptima edici\u00f3n de la carrera \u300c\u7279\u5225\u306a<\/p>\n","protected":false},"author":2,"featured_media":2600658,"comment_status":"","ping_status":"","sticky":false,"template":"","format":"standard","meta":{"footnotes":"","_share_on_mastodon":"0"},"categories":[785161],"tags":[133793,23370],"class_list":{"0":"post-2600657","1":"post","2":"type-post","3":"status-publish","4":"format-standard","5":"has-post-thumbnail","7":"category-argentina","8":"tag-argentina","9":"tag-23370"},"share_on_mastodon":{"url":"https:\/\/wakoka.com\/@news\/114955510921448026","error":""},"_links":{"self":[{"href":"https:\/\/www.wacoca.com\/news\/wp-json\/wp\/v2\/posts\/2600657","targetHints":{"allow":["GET"]}}],"collection":[{"href":"https:\/\/www.wacoca.com\/news\/wp-json\/wp\/v2\/posts"}],"about":[{"href":"https:\/\/www.wacoca.com\/news\/wp-json\/wp\/v2\/types\/post"}],"author":[{"embeddable":true,"href":"https:\/\/www.wacoca.com\/news\/wp-json\/wp\/v2\/users\/2"}],"replies":[{"embeddable":true,"href":"https:\/\/www.wacoca.com\/news\/wp-json\/wp\/v2\/comments?post=2600657"}],"version-history":[{"count":0,"href":"https:\/\/www.wacoca.com\/news\/wp-json\/wp\/v2\/posts\/2600657\/revisions"}],"wp:featuredmedia":[{"embeddable":true,"href":"https:\/\/www.wacoca.com\/news\/wp-json\/wp\/v2\/media\/2600658"}],"wp:attachment":[{"href":"https:\/\/www.wacoca.com\/news\/wp-json\/wp\/v2\/media?parent=2600657"}],"wp:term":[{"taxonomy":"category","embeddable":true,"href":"https:\/\/www.wacoca.com\/news\/wp-json\/wp\/v2\/categories?post=2600657"},{"taxonomy":"post_tag","embeddable":true,"href":"https:\/\/www.wacoca.com\/news\/wp-json\/wp\/v2\/tags?post=2600657"}],"curies":[{"name":"wp","href":"https:\/\/api.w.org\/{rel}","templated":true}]}}