{"id":2593416,"date":"2025-07-24T21:54:29","date_gmt":"2025-07-24T21:54:29","guid":{"rendered":"https:\/\/www.wacoca.com\/news\/2593416\/"},"modified":"2025-07-24T21:54:29","modified_gmt":"2025-07-24T21:54:29","slug":"argentina-confederacion-mapuche-de-neuquen-denuncia-penalmente-a-ypf-por-contaminacion-e-incumplimiento-de-orden-judicial","status":"publish","type":"post","link":"https:\/\/www.wacoca.com\/news\/2593416\/","title":{"rendered":"Argentina: Confederaci\u00f3n Mapuche de Neuqu\u00e9n denuncia penalmente a YPF por &#8220;contaminaci\u00f3n e incumplimiento de orden judicial&#8221;"},"content":{"rendered":"<p data-block-key=\"adl0w\">&#8220;Naci\u00f3n Mapuche. Confederaci\u00f3n Mapuche de Neuqu\u00e9n: \u00abDenunciamos penalmente a YPF y funcionarios de Figueroa\u00bb&#8221;, 18 de julio de 2025<\/p>\n<p data-block-key=\"1ukrc\">&#8230;En el d\u00eda de ayer, el Lof Kaxipayi\u00f1 del paraje Loma La Lata, acompa\u00f1ados por la Confederaci\u00f3n Mapuce de Neuqu\u00e9n-Zonal Xawvnko hemos denunciado penalmente por contaminaci\u00f3n e incumplimiento de orden judicial a los directivos de la empresa YPF y a los funcionarios de la provincia de Neuqu\u00e9n que han permitido y encubierto la contaminaci\u00f3n del territorio de la comunidad. Asi tambi\u00e9n la situaci\u00f3n de incumplimiento de orden judicial es debido a que han cortado el suministro de agua a la comunidad Kaxipayi\u00f1 como una forma de extorsi\u00f3n para que est\u00e1 deje de exigir el derecho a la consulta ante la pretensi\u00f3n de perforar y destruir los Lagos Mari Menuco y Los Barreales.<\/p>\n<p data-block-key=\"61q34\">La denuncia tambi\u00e9n menciona que el traspaso de las \u00e1reas petroleras busca \u201cblanquear las \u00e1reas \u201c y darle impunidad a las empresas sobre la enorme cantidad de los que la industria llama \u201cpasivos ambientales\u201d pero que en nuestro territorio son da\u00f1os a la salud, a la tierra, al agua, al aire de manera irremediable. Por lo tanto la denuncia no es sobre los funcionarios actuales que son parte de la maniobra sino tambi\u00e9n sobre los funcionarios anteriores, que como Jorge Lara, han encubierto a las petroleras&#8230;<\/p>\n<p data-block-key=\"e0ros\">Esperamos que la fiscal\u00eda de Neuqu\u00e9n act\u00fae r\u00e1pidamente y logre condenar a los responsables de tanta desidia y violencia contra nuestro territorio y nuestra propia existencia&#8230;<\/p>\n","protected":false},"excerpt":{"rendered":"<p>&#8220;Naci\u00f3n Mapuche. Confederaci\u00f3n Mapuche de Neuqu\u00e9n: \u00abDenunciamos penalmente a YPF y funcionarios de Figue<\/p>\n","protected":false},"author":2,"featured_media":2593417,"comment_status":"","ping_status":"","sticky":false,"template":"","format":"standard","meta":{"footnotes":"","_share_on_mastodon":"0"},"categories":[785161],"tags":[133793,23370],"class_list":{"0":"post-2593416","1":"post","2":"type-post","3":"status-publish","4":"format-standard","5":"has-post-thumbnail","7":"category-argentina","8":"tag-argentina","9":"tag-23370"},"share_on_mastodon":{"url":"https:\/\/wakoka.com\/@news\/114910440304668760","error":""},"_links":{"self":[{"href":"https:\/\/www.wacoca.com\/news\/wp-json\/wp\/v2\/posts\/2593416","targetHints":{"allow":["GET"]}}],"collection":[{"href":"https:\/\/www.wacoca.com\/news\/wp-json\/wp\/v2\/posts"}],"about":[{"href":"https:\/\/www.wacoca.com\/news\/wp-json\/wp\/v2\/types\/post"}],"author":[{"embeddable":true,"href":"https:\/\/www.wacoca.com\/news\/wp-json\/wp\/v2\/users\/2"}],"replies":[{"embeddable":true,"href":"https:\/\/www.wacoca.com\/news\/wp-json\/wp\/v2\/comments?post=2593416"}],"version-history":[{"count":0,"href":"https:\/\/www.wacoca.com\/news\/wp-json\/wp\/v2\/posts\/2593416\/revisions"}],"wp:featuredmedia":[{"embeddable":true,"href":"https:\/\/www.wacoca.com\/news\/wp-json\/wp\/v2\/media\/2593417"}],"wp:attachment":[{"href":"https:\/\/www.wacoca.com\/news\/wp-json\/wp\/v2\/media?parent=2593416"}],"wp:term":[{"taxonomy":"category","embeddable":true,"href":"https:\/\/www.wacoca.com\/news\/wp-json\/wp\/v2\/categories?post=2593416"},{"taxonomy":"post_tag","embeddable":true,"href":"https:\/\/www.wacoca.com\/news\/wp-json\/wp\/v2\/tags?post=2593416"}],"curies":[{"name":"wp","href":"https:\/\/api.w.org\/{rel}","templated":true}]}}