{"id":2512973,"date":"2025-04-30T04:55:15","date_gmt":"2025-04-30T04:55:15","guid":{"rendered":"https:\/\/www.wacoca.com\/news\/2512973\/"},"modified":"2025-04-30T04:55:15","modified_gmt":"2025-04-30T04:55:15","slug":"pas-de-sortie-de-letat-du-capital-dair-france-klm-dit-le-directeur-general-lape","status":"publish","type":"post","link":"https:\/\/www.wacoca.com\/news\/2512973\/","title":{"rendered":"Pas de sortie de l&#8217;Etat du capital d&#8217;Air France-KLM, dit le directeur g\u00e9n\u00e9ral l&#8217;APE"},"content":{"rendered":"<p><img decoding=\"async\" src=\"\"   height=\"2624\" alt=\"PAS DE SORTIE DE L'ETAT DU CAPITAL D'AIR FRANCE-KLM, DIT LE DIRECTEUR G&#xC9;N&#xC9;RAL L'APE\"\/><\/p>\n<p>Il n&#8217;est pas question que l&#8217;Etat sorte du capital d&#8217;Air France-KLM dans les ann\u00e9es qui viennent, en raison de la crise du transport a\u00e9rien cons\u00e9cutive \u00e0 la pand\u00e9mie de COVID-19, a d\u00e9clar\u00e9 mardi Martin Vial, directeur g\u00e9n\u00e9ral de l&#8217;Agence des participations de l&#8217;Etat (APE). \/Photo d&#8217;archives\/REUTERS\/Eric Gaillard<\/p>\n<p>PARIS (Reuters) &#8211; Il n&#8217;est pas question que l&#8217;Etat sorte du capital d&#8217;Air France-KLM dans les ann\u00e9es qui viennent, en raison de la crise du transport a\u00e9rien cons\u00e9cutive \u00e0 la pand\u00e9mie de COVID-19, a d\u00e9clar\u00e9 mardi Martin Vial, directeur g\u00e9n\u00e9ral de l&#8217;Agence des participations de l&#8217;Etat (APE).<\/p>\n<p>Lors de la pr\u00e9sentation \u00e0 la presse du rapport d&#8217;activit\u00e9 annuel de l&#8217;APE, il a \u00e9galement indiqu\u00e9 que l&#8217;Etat fran\u00e7ais, qui contr\u00f4le actuellement 28,6% de la compagnie a\u00e9rienne franco-n\u00e9erlandaise, continuerait &#8220;\u00e0 jouer son r\u00f4le d&#8217;actionnaire&#8221; et contribuerait \u00e0 d&#8217;\u00e9ventuelles nouvelles op\u00e9rations sur son capital.<\/p>\n<p>&#8220;L\u2019entreprise est sur la bonne voie, le point mort d\u2019Air France et de KLM en sortie de crise est bien meilleur qu\u2019avant la crise&#8221;, a soulign\u00e9 Martin Vial.<\/p>\n<p data-testid=\"SignOff\" class=\"text__text__1FZLe text__dark-grey__3Ml43 text__regular__2N1Xr text__extra_small__1Mw6v body__full_width__ekUdw body__extra_small_body__3QTYe sign-off__text__PU3Aj\">Reportage Jean-Michel B\u00e9lot, \u00e9dit\u00e9 par Blandine H\u00e9nault<\/p>\n<p data-testid=\"Body\" class=\"text__text__1FZLe text__dark-grey__3Ml43 text__regular__2N1Xr text__small__1kGq2 body__base__22dCE body__small_body__2vQyf article-body__element__2p5pI article-body__trust-badge__D_brm\">\u79c1\u305f\u3061\u306e\u884c\u52d5\u898f\u7bc4\uff1a\u30c8\u30e0\u30bd\u30f3\u30fb\u30ed\u30a4\u30bf\u30fc\u300c\u4fe1\u983c\u306e\u539f\u5247\u300d, opens new tab<\/p>\n","protected":false},"excerpt":{"rendered":"<p>Il n&#8217;est pas question que l&#8217;Etat sorte du capital d&#8217;Air France-KLM dans les ann\u00e9es qui vienn<\/p>\n","protected":false},"author":2,"featured_media":2512974,"comment_status":"","ping_status":"","sticky":false,"template":"","format":"standard","meta":{"footnotes":"","_share_on_mastodon":"0"},"categories":[784993],"tags":[765503,765504,762715,762734,61800,30357,75430,238274,762813,5838],"class_list":{"0":"post-2512973","1":"post","2":"type-post","3":"status-publish","4":"format-standard","5":"has-post-thumbnail","7":"category-france","8":"tag-airl","9":"tag-airl1","10":"tag-cmpny","11":"tag-europ","12":"tag-fr","13":"tag-france","14":"tag-nl","15":"tag-pol","16":"tag-rep","17":"tag-5838"},"share_on_mastodon":{"url":"https:\/\/wakoka.com\/@news\/114425136877451270","error":""},"_links":{"self":[{"href":"https:\/\/www.wacoca.com\/news\/wp-json\/wp\/v2\/posts\/2512973","targetHints":{"allow":["GET"]}}],"collection":[{"href":"https:\/\/www.wacoca.com\/news\/wp-json\/wp\/v2\/posts"}],"about":[{"href":"https:\/\/www.wacoca.com\/news\/wp-json\/wp\/v2\/types\/post"}],"author":[{"embeddable":true,"href":"https:\/\/www.wacoca.com\/news\/wp-json\/wp\/v2\/users\/2"}],"replies":[{"embeddable":true,"href":"https:\/\/www.wacoca.com\/news\/wp-json\/wp\/v2\/comments?post=2512973"}],"version-history":[{"count":0,"href":"https:\/\/www.wacoca.com\/news\/wp-json\/wp\/v2\/posts\/2512973\/revisions"}],"wp:featuredmedia":[{"embeddable":true,"href":"https:\/\/www.wacoca.com\/news\/wp-json\/wp\/v2\/media\/2512974"}],"wp:attachment":[{"href":"https:\/\/www.wacoca.com\/news\/wp-json\/wp\/v2\/media?parent=2512973"}],"wp:term":[{"taxonomy":"category","embeddable":true,"href":"https:\/\/www.wacoca.com\/news\/wp-json\/wp\/v2\/categories?post=2512973"},{"taxonomy":"post_tag","embeddable":true,"href":"https:\/\/www.wacoca.com\/news\/wp-json\/wp\/v2\/tags?post=2512973"}],"curies":[{"name":"wp","href":"https:\/\/api.w.org\/{rel}","templated":true}]}}