{"id":2508250,"date":"2025-04-24T07:35:25","date_gmt":"2025-04-24T07:35:25","guid":{"rendered":"https:\/\/www.wacoca.com\/news\/2508250\/"},"modified":"2025-04-24T07:35:25","modified_gmt":"2025-04-24T07:35:25","slug":"france-un-decret-reconnait-les-cancers-de-la-prostate-lies-aux-pesticides-comme-maladie-professionnelle","status":"publish","type":"post","link":"https:\/\/www.wacoca.com\/news\/2508250\/","title":{"rendered":"France: Un d\u00e9cret reconna\u00eet les cancers de la prostate li\u00e9s aux pesticides comme maladie professionnelle"},"content":{"rendered":"<p><img decoding=\"async\" src=\"\"   height=\"2624\" alt=\"FRANCE: UN D&#xC9;CRET RECONNA&#xCE;T LES CANCERS DE LA PROSTATE LI&#xC9;S AUX PESTICIDES COMME MALADIE PROFESSIONNELLE\"\/><\/p>\n<p>Un d\u00e9cret reconnaissant les cancers de la prostate provoqu\u00e9s par les pesticides, dont le chlord\u00e9cone, comme maladie professionnelle a \u00e9t\u00e9 publi\u00e9 mercredi au Journal officiel. \/Photo d&#8217;archives\/REUTERS\/Leonardo Fernandez Viloria<\/p>\n<p>PARIS (Reuters) &#8211; Un d\u00e9cret reconnaissant les cancers de la prostate provoqu\u00e9s par les pesticides, dont le chlord\u00e9cone, comme maladie professionnelle a \u00e9t\u00e9 publi\u00e9 mercredi au Journal officiel.<\/p>\n<p>&#8220;Le terme &#8216;pesticides&#8217; se rapporte aux produits \u00e0 usages agricoles et aux produits destin\u00e9s \u00e0 l&#8217;entretien des espaces verts (produits phytosanitaires ou produits phytopharmaceutiques) ainsi qu&#8217;aux biocides et aux antiparasitaires v\u00e9t\u00e9rinaires, qu&#8217;ils soient autoris\u00e9s ou non au moment de la demande&#8221;, est-il pr\u00e9cis\u00e9 dans le d\u00e9cret.<\/p>\n<p>En novembre, le ministre fran\u00e7ais de l&#8217;Agriculture Julien Denormandie s&#8217;\u00e9tait engag\u00e9 \u00e0 ce que ce d\u00e9cret soit publi\u00e9 avant la fin de l&#8217;ann\u00e9e.<\/p>\n<p>&#8220;Il y a une demande l\u00e9gitime depuis maintenant fort longtemps des professionnels que le cancer de la prostate puisse \u00eatre reconnu comme une maladie professionnelle li\u00e9e \u00e0 l&#8217;utilisation des produits, notamment du chlord\u00e9cone&#8221;, avait-il alors expliqu\u00e9 sur France 3.<\/p>\n<p>Ce pesticide toxique a durablement contamin\u00e9 les sols apr\u00e8s avoir \u00e9t\u00e9 utilis\u00e9 de 1972 \u00e0 1993 en Guadeloupe et en Martinique dans les bananeraies pour lutter contre le charan\u00e7on, un insecte qui ravageait les plantations, et il est d\u00e9sormais soup\u00e7onn\u00e9 d&#8217;\u00eatre responsable de nombreuses maladies, dont des cancers.<\/p>\n<p>Le texte entrera en vigueur le lendemain de sa publication.<\/p>\n<p data-testid=\"SignOff\" class=\"text__text__1FZLe text__dark-grey__3Ml43 text__regular__2N1Xr text__extra_small__1Mw6v body__full_width__ekUdw body__extra_small_body__3QTYe sign-off__text__PU3Aj\">R\u00e9dig\u00e9 par Camille Raynaud<\/p>\n<p data-testid=\"Body\" class=\"text__text__1FZLe text__dark-grey__3Ml43 text__regular__2N1Xr text__small__1kGq2 body__base__22dCE body__small_body__2vQyf article-body__element__2p5pI article-body__trust-badge__D_brm\">\u79c1\u305f\u3061\u306e\u884c\u52d5\u898f\u7bc4\uff1a\u30c8\u30e0\u30bd\u30f3\u30fb\u30ed\u30a4\u30bf\u30fc\u300c\u4fe1\u983c\u306e\u539f\u5247\u300d, opens new tab<\/p>\n","protected":false},"excerpt":{"rendered":"<p>Un d\u00e9cret reconnaissant les cancers de la prostate provoqu\u00e9s par les pesticides, dont le chlord\u00e9cone, comme ma<\/p>\n","protected":false},"author":2,"featured_media":2508252,"comment_status":"","ping_status":"","sticky":false,"template":"","format":"standard","meta":{"footnotes":"","_share_on_mastodon":"0"},"categories":[784993],"tags":[771682,762734,61800,30357,10363,785035,141481,524884,238274,787984,779563,5838],"class_list":{"0":"post-2508250","1":"post","2":"type-post","3":"status-publish","4":"format-standard","5":"has-post-thumbnail","7":"category-france","8":"tag-cncer","9":"tag-europ","10":"tag-fr","11":"tag-france","12":"tag-gp","13":"tag-inge","14":"tag-law","15":"tag-mq","16":"tag-pol","17":"tag-prosca","18":"tag-pstcde","19":"tag-5838"},"share_on_mastodon":{"url":"https:\/\/wakoka.com\/@news\/114391792343128899","error":""},"_links":{"self":[{"href":"https:\/\/www.wacoca.com\/news\/wp-json\/wp\/v2\/posts\/2508250","targetHints":{"allow":["GET"]}}],"collection":[{"href":"https:\/\/www.wacoca.com\/news\/wp-json\/wp\/v2\/posts"}],"about":[{"href":"https:\/\/www.wacoca.com\/news\/wp-json\/wp\/v2\/types\/post"}],"author":[{"embeddable":true,"href":"https:\/\/www.wacoca.com\/news\/wp-json\/wp\/v2\/users\/2"}],"replies":[{"embeddable":true,"href":"https:\/\/www.wacoca.com\/news\/wp-json\/wp\/v2\/comments?post=2508250"}],"version-history":[{"count":0,"href":"https:\/\/www.wacoca.com\/news\/wp-json\/wp\/v2\/posts\/2508250\/revisions"}],"wp:featuredmedia":[{"embeddable":true,"href":"https:\/\/www.wacoca.com\/news\/wp-json\/wp\/v2\/media\/2508252"}],"wp:attachment":[{"href":"https:\/\/www.wacoca.com\/news\/wp-json\/wp\/v2\/media?parent=2508250"}],"wp:term":[{"taxonomy":"category","embeddable":true,"href":"https:\/\/www.wacoca.com\/news\/wp-json\/wp\/v2\/categories?post=2508250"},{"taxonomy":"post_tag","embeddable":true,"href":"https:\/\/www.wacoca.com\/news\/wp-json\/wp\/v2\/tags?post=2508250"}],"curies":[{"name":"wp","href":"https:\/\/api.w.org\/{rel}","templated":true}]}}