{"id":2483183,"date":"2025-03-26T21:25:55","date_gmt":"2025-03-26T21:25:55","guid":{"rendered":"https:\/\/www.wacoca.com\/news\/2483183\/"},"modified":"2025-03-26T21:25:55","modified_gmt":"2025-03-26T21:25:55","slug":"el-fmi-dice-que-se-prepara-para-apoyar-un-pedido-de-chile-para-una-linea-de-credito-de-23-800-millones-de-dolares","status":"publish","type":"post","link":"https:\/\/www.wacoca.com\/news\/2483183\/","title":{"rendered":"El FMI dice que se prepara para apoyar un pedido de Chile para una l\u00ednea de cr\u00e9dito de 23.800 millones de d\u00f3lares"},"content":{"rendered":"<p><img decoding=\"async\" src=\"\"   height=\"2624\" alt=\"FILE PHOTO: The logo of the International Monetary Fund (IMF) is seen during a news conference in Santiago\"\/><\/p>\n<p>FILE PHOTO: The logo of the International Monetary Fund (IMF) is seen during a news conference in Santiago, Chile, July 23, 2019. REUTERS\/Rodrigo Garrido\/File Photo<\/p>\n<p>WASHINGTON, 12 may (Reuters) &#8211; El Fondo Monetario Internacional dijo el martes que su directora gerente recomendar\u00eda la aprobaci\u00f3n de la solicitud de Chile de una l\u00ednea de cr\u00e9dito flexible de dos a\u00f1os por 23.800 millones de d\u00f3lares, dados los &#8220;muy s\u00f3lidos fundamentos&#8221; y la trayectoria del pa\u00eds latinoamericano.<\/p>\n<p>El FMI dijo que su directorio ejecutivo discuti\u00f3 la solicitud de Chile durante una sesi\u00f3n informal el martes, y que la directora gerente Kristalina Georgieva respaldar\u00eda la medida cuando la mesa se re\u00fana para tomar una decisi\u00f3n formal en las pr\u00f3ximas semanas.<\/p>\n<p>Las autoridades chilenas tienen la intenci\u00f3n de tratar la l\u00ednea de cr\u00e9dito como una medida de precauci\u00f3n, dijo el FMI en un comunicado publicado a \u00faltima hora del martes.<\/p>\n<p data-testid=\"SignOff\" class=\"text__text__1FZLe text__dark-grey__3Ml43 text__regular__2N1Xr text__extra_small__1Mw6v body__full_width__ekUdw body__extra_small_body__3QTYe sign-off__text__PU3Aj\">Reporte de Andrea Shalal; editado en espa\u00f1ol por Javier L\u00f3pez de L\u00e9rida<\/p>\n<p data-testid=\"Body\" class=\"text__text__1FZLe text__dark-grey__3Ml43 text__regular__2N1Xr text__small__1kGq2 body__base__22dCE body__small_body__2vQyf article-body__element__2p5pI article-body__trust-badge__D_brm\">\u79c1\u305f\u3061\u306e\u884c\u52d5\u898f\u7bc4\uff1a\u30c8\u30e0\u30bd\u30f3\u30fb\u30ed\u30a4\u30bf\u30fc\u300c\u4fe1\u983c\u306e\u539f\u5247\u300d, opens new tab<\/p>\n","protected":false},"excerpt":{"rendered":"<p>FILE PHOTO: The logo of the International Monetary Fund (IMF) is seen during a news conference in Santiago, Ch<\/p>\n","protected":false},"author":2,"featured_media":2483185,"comment_status":"","ping_status":"","sticky":false,"template":"","format":"standard","meta":{"footnotes":"","_share_on_mastodon":"0"},"categories":[785166],"tags":[762691,40357,7585,5278,762700,589033,49048,772214,33390,763055,661027,99360,48489,705736,89874,769068,40356],"class_list":{"0":"post-2483183","1":"post","2":"type-post","3":"status-publish","4":"format-standard","5":"has-post-thumbnail","7":"category-chile","8":"tag-amers","9":"tag-chile","10":"tag-cl","11":"tag-covid","12":"tag-emrg","13":"tag-fin","14":"tag-g20","15":"tag-gdy1","16":"tag-imf","17":"tag-latam","18":"tag-loa","19":"tag-trd","20":"tag-trf","21":"tag-trn","22":"tag-us","23":"tag-wbnk","24":"tag-40356"},"share_on_mastodon":{"url":"https:\/\/wakoka.com\/@news\/114230852786028048","error":""},"_links":{"self":[{"href":"https:\/\/www.wacoca.com\/news\/wp-json\/wp\/v2\/posts\/2483183","targetHints":{"allow":["GET"]}}],"collection":[{"href":"https:\/\/www.wacoca.com\/news\/wp-json\/wp\/v2\/posts"}],"about":[{"href":"https:\/\/www.wacoca.com\/news\/wp-json\/wp\/v2\/types\/post"}],"author":[{"embeddable":true,"href":"https:\/\/www.wacoca.com\/news\/wp-json\/wp\/v2\/users\/2"}],"replies":[{"embeddable":true,"href":"https:\/\/www.wacoca.com\/news\/wp-json\/wp\/v2\/comments?post=2483183"}],"version-history":[{"count":0,"href":"https:\/\/www.wacoca.com\/news\/wp-json\/wp\/v2\/posts\/2483183\/revisions"}],"wp:featuredmedia":[{"embeddable":true,"href":"https:\/\/www.wacoca.com\/news\/wp-json\/wp\/v2\/media\/2483185"}],"wp:attachment":[{"href":"https:\/\/www.wacoca.com\/news\/wp-json\/wp\/v2\/media?parent=2483183"}],"wp:term":[{"taxonomy":"category","embeddable":true,"href":"https:\/\/www.wacoca.com\/news\/wp-json\/wp\/v2\/categories?post=2483183"},{"taxonomy":"post_tag","embeddable":true,"href":"https:\/\/www.wacoca.com\/news\/wp-json\/wp\/v2\/tags?post=2483183"}],"curies":[{"name":"wp","href":"https:\/\/api.w.org\/{rel}","templated":true}]}}