{"id":2467973,"date":"2025-03-16T12:30:32","date_gmt":"2025-03-16T12:30:32","guid":{"rendered":"https:\/\/www.wacoca.com\/news\/2467973\/"},"modified":"2025-03-16T12:30:32","modified_gmt":"2025-03-16T12:30:32","slug":"covid-19-la-ou-tout-a-commence-enquete-exclusive-documentaire-complet-amp","status":"publish","type":"post","link":"https:\/\/www.wacoca.com\/news\/2467973\/","title":{"rendered":"Covid 19 : L\u00e0 o\u00f9 tout a commenc\u00e9 &#8211; Enqu\u00eate exclusive &#8211; Documentaire complet &#8211; AMP"},"content":{"rendered":"<p><iframe loading=\"lazy\"  width=\"580\" height=\"385\" src=\"https:\/\/www.youtube.com\/embed\/KWuFL08UgSc\" frameborder=\"0\" allowfullscreen><\/iframe><br \/>\n<br \/>\nCovid 19 : L\u00e0 o\u00f9 tout a commenc\u00e9 &#8211; Enqu\u00eate exclusive &#8211; Documentaire complet &#8211; AMP<br \/>\n<\/p>\n<p>\nAlors que l&#8217;\u00e9pid\u00e9mie frappe le monde entier, une enqu\u00eate in\u00e9dite r\u00e9alis\u00e9e au c\u0153ur de la crise en Chine, en Cor\u00e9e du Sud, \u00e0 Ta\u00efwan et au Japon. Quatre \u00e9quipes de reporters racontent, jour apr\u00e8s jour, comment tout a chang\u00e9, dans leur vie quotidienne et dans l&#8217;organisation de leur pays, dans cette partie du monde o\u00f9 tout a commenc\u00e9. Ils montrent comment certaines d\u00e9cisions, parfois spectaculaires, ont permis de contenir et m\u00eame juguler l&#8217;\u00e9pid\u00e9mie.<br \/>\n\u270b Les enjeux du Monde ? Ils sont ici \ud83d\udc49 https:\/\/bit.ly\/3nbDE0S Abonnez-vous \ud83d\ude4f<\/p>\n<p>En Chine, S\u00e9bastien le Belzic vit reclus avec sa famille. Dans ce pays, l&#8217;appareil r\u00e9pressif du r\u00e9gime est devenu un appareil de contr\u00f4le sanitaire. Il n&#8217;y a plus de nouveaux cas en Chine, la menace vient d\u00e9sormais de l&#8217;ext\u00e9rieur, et le contr\u00f4le des \u00e9trangers s&#8217;est renforc\u00e9.<\/p>\n<p>En Cor\u00e9e, Byun Sung Kim nous d\u00e9voile l&#8217;impressionnant d\u00e9ploiement de moyens et de technologies pour lutter, avec succ\u00e8s, contre le virus. Du d\u00e9pistage dans un drive-in (o\u00f9 chacun peut se rendre au volant de sa voiture) \u00e0 la d\u00e9sinfection des lieux publics, la Cor\u00e9e, pourtant massivement touch\u00e9e, se rel\u00e8ve d\u00e9j\u00e0.<\/p>\n<p>\u00c0 Taiwan, c&#8217;est la solidarit\u00e9 nationale, l&#8217;union sacr\u00e9e pour partager les moyens, les ressources, et \u00eatre unis dans les choix politiques qui tient l&#8217;\u00e9pid\u00e9mie \u00e0 l&#8217;\u00e9cart. Lucie Barbazanges nous explique comment cet \u00e9tat insulaire a tir\u00e9 les enseignements de l&#8217;\u00e9pid\u00e9mie du SRAS en 2003.<\/p>\n<p>Au Japon, la qualit\u00e9 des mesures barri\u00e8res, pr\u00e9sentes dans la vie quotidienne, a emp\u00each\u00e9 l&#8217;\u00e9pid\u00e9mie de progresser rapidement, plus que partout ailleurs. La constitution du pays ne pr\u00e9voit pas de confinement. La vie et la f\u00eate continuent dans les bars de Tokyo?! Et les familles sortent pique-niquer le dimanche dans les jardins publics, \u00e0 l&#8217;ombre des cerisiers en fleurs. Constantin Simon, notre reporter, raconte cet \u00e9tat d&#8217;esprit et cet \u00e9tonnant mode de vie \u00e0 la japonaise.<\/p>\n<p>L&#8217;Asie est \u00e0 la fois le probl\u00e8me et la solution. La Chine, Taiwan, la Cor\u00e9e du Sud et le Japon nous adressent un \u00e9norme message d&#8217;espoir. Certes, ils ont souffert, de mani\u00e8re unique, de l&#8217;\u00e9pid\u00e9mie, mais ils montrent aussi que l&#8217;on peut aujourd&#8217;hui en sortir.<\/p>\n<p>#covid19 #enquete #geopolitique<br \/>\nCovid-19 en Asie : comment gagner la guerre<br \/>\nDroits r\u00e9serv\u00e9s AMP<\/p>\n","protected":false},"excerpt":{"rendered":"<p>Covid 19 : L\u00e0 o\u00f9 tout a commenc\u00e9 &#8211; Enqu\u00eate exclusive &#8211; Documentaire complet &#8211; AMP Alors que <\/p>\n","protected":false},"author":4,"featured_media":2467974,"comment_status":"","ping_status":"","sticky":false,"template":"","format":"standard","meta":{"footnotes":"","_share_on_mastodon":"0"},"categories":[53],"tags":[783609,783610,5278,783611,1467,783602,783603,783604,783607,783608,783606,783605,1558],"class_list":{"0":"post-2467973","1":"post","2":"type-post","3":"status-publish","4":"format-standard","5":"has-post-thumbnail","7":"category-japan","8":"tag-arte-info","9":"tag-arte-reportage","10":"tag-covid","11":"tag-covid-19-exposed","12":"tag-covid-19","13":"tag-documentaire-complet-arte","14":"tag-documentaire-complet-en-francais","15":"tag-documentaire-complet-national-geographic","16":"tag-documentaire-france-2","17":"tag-documentaire-france-3","18":"tag-documentaire-france-5","19":"tag-documentaire-monde","20":"tag-1558"},"share_on_mastodon":{"url":"","error":""},"_links":{"self":[{"href":"https:\/\/www.wacoca.com\/news\/wp-json\/wp\/v2\/posts\/2467973","targetHints":{"allow":["GET"]}}],"collection":[{"href":"https:\/\/www.wacoca.com\/news\/wp-json\/wp\/v2\/posts"}],"about":[{"href":"https:\/\/www.wacoca.com\/news\/wp-json\/wp\/v2\/types\/post"}],"author":[{"embeddable":true,"href":"https:\/\/www.wacoca.com\/news\/wp-json\/wp\/v2\/users\/4"}],"replies":[{"embeddable":true,"href":"https:\/\/www.wacoca.com\/news\/wp-json\/wp\/v2\/comments?post=2467973"}],"version-history":[{"count":0,"href":"https:\/\/www.wacoca.com\/news\/wp-json\/wp\/v2\/posts\/2467973\/revisions"}],"wp:featuredmedia":[{"embeddable":true,"href":"https:\/\/www.wacoca.com\/news\/wp-json\/wp\/v2\/media\/2467974"}],"wp:attachment":[{"href":"https:\/\/www.wacoca.com\/news\/wp-json\/wp\/v2\/media?parent=2467973"}],"wp:term":[{"taxonomy":"category","embeddable":true,"href":"https:\/\/www.wacoca.com\/news\/wp-json\/wp\/v2\/categories?post=2467973"},{"taxonomy":"post_tag","embeddable":true,"href":"https:\/\/www.wacoca.com\/news\/wp-json\/wp\/v2\/tags?post=2467973"}],"curies":[{"name":"wp","href":"https:\/\/api.w.org\/{rel}","templated":true}]}}