{"id":2431277,"date":"2025-02-21T18:35:38","date_gmt":"2025-02-21T18:35:38","guid":{"rendered":"https:\/\/www.wacoca.com\/news\/2431277\/"},"modified":"2025-02-21T18:35:38","modified_gmt":"2025-02-21T18:35:38","slug":"estado-decreta-emergencia-em-saude","status":"publish","type":"post","link":"https:\/\/www.wacoca.com\/news\/2431277\/","title":{"rendered":"Estado decreta emerg\u00eancia em sa\u00fade"},"content":{"rendered":"<p><iframe loading=\"lazy\"  width=\"580\" height=\"385\" src=\"https:\/\/www.youtube.com\/embed\/oFULItfLg7U\" frameborder=\"0\" allowfullscreen><\/iframe><br \/>\n<br \/>\nEstado decreta emerg\u00eancia em sa\u00fade<br \/>\n<\/p>\n<p>\nAssista ao v\u00eddeo completo e deixe sua opini\u00e3o nos coment\u00e1rios! Sua participa\u00e7\u00e3o \u00e9 importante. <\/p>\n<p>N\u00e3o perca os pr\u00f3ximos conte\u00fados! Inscreva-se no canal e ative o sininho \ud83d\udd14 para receber as novidades em primeira m\u00e3o.  <\/p>\n<p>\ud83d\udcf2 Acompanhe tamb\u00e9m nas redes sociais: <\/p>\n<p>\u27a1 Instagram: https:\/\/www.instagram.com\/recordtvriopreto\/<br \/>\n\u27a1 Facebook:  https:\/\/www.facebook.com\/recordriopreto\/<br \/>\n\u27a1 Twitter:       https:\/\/x.com\/recordriopreto <\/p>\n<p>Fique por dentro de tudo e compartilhe com quem precisa ver!<\/p>\n","protected":false},"excerpt":{"rendered":"<p>Estado decreta emerg\u00eancia em sa\u00fade Assista ao v\u00eddeo completo e deixe sua opini\u00e3o nos coment\u00e1rios! Sua particip<\/p>\n","protected":false},"author":4,"featured_media":2431278,"comment_status":"","ping_status":"","sticky":false,"template":"","format":"standard","meta":{"footnotes":"","_share_on_mastodon":"0"},"categories":[53],"tags":[780453,780457,780462,780460,780461,780459,780451,769337,780450,780458,780452,780463,780456,780448,780446,780454,780464,780447,780455,780449,68547],"class_list":{"0":"post-2431277","1":"post","2":"type-post","3":"status-publish","4":"format-standard","5":"has-post-thumbnail","7":"category-japan","8":"tag-acontece-em-sao-jose-do-rio-preto","9":"tag-clima-e-tempo-sao-jose-do-rio-preto","10":"tag-comunidade-rio-preto","11":"tag-cultura-e-eventos-rio-preto","12":"tag-economia-local-sp","13":"tag-esporte-local-rio-preto","14":"tag-jornalismo-local","15":"tag-noticias-do-dia","16":"tag-noticias-sao-jose-do-rio-preto","17":"tag-policia-e-seguranca-rio-preto","18":"tag-record-interior-sp","19":"tag-record-rio-preto","20":"tag-record-sp-noticias","21":"tag-recordtv","22":"tag-recordtvriopreto","23":"tag-reportagem-record-rio-preto","24":"tag-rio-preto-record","25":"tag-riopreto","26":"tag-tv-record-ao-vivo","27":"tag-tv-record-sao-jose-do-rio-preto","28":"tag-68547"},"share_on_mastodon":{"url":"","error":""},"_links":{"self":[{"href":"https:\/\/www.wacoca.com\/news\/wp-json\/wp\/v2\/posts\/2431277","targetHints":{"allow":["GET"]}}],"collection":[{"href":"https:\/\/www.wacoca.com\/news\/wp-json\/wp\/v2\/posts"}],"about":[{"href":"https:\/\/www.wacoca.com\/news\/wp-json\/wp\/v2\/types\/post"}],"author":[{"embeddable":true,"href":"https:\/\/www.wacoca.com\/news\/wp-json\/wp\/v2\/users\/4"}],"replies":[{"embeddable":true,"href":"https:\/\/www.wacoca.com\/news\/wp-json\/wp\/v2\/comments?post=2431277"}],"version-history":[{"count":0,"href":"https:\/\/www.wacoca.com\/news\/wp-json\/wp\/v2\/posts\/2431277\/revisions"}],"wp:featuredmedia":[{"embeddable":true,"href":"https:\/\/www.wacoca.com\/news\/wp-json\/wp\/v2\/media\/2431278"}],"wp:attachment":[{"href":"https:\/\/www.wacoca.com\/news\/wp-json\/wp\/v2\/media?parent=2431277"}],"wp:term":[{"taxonomy":"category","embeddable":true,"href":"https:\/\/www.wacoca.com\/news\/wp-json\/wp\/v2\/categories?post=2431277"},{"taxonomy":"post_tag","embeddable":true,"href":"https:\/\/www.wacoca.com\/news\/wp-json\/wp\/v2\/tags?post=2431277"}],"curies":[{"name":"wp","href":"https:\/\/api.w.org\/{rel}","templated":true}]}}