{"id":2415895,"date":"2025-02-10T00:00:31","date_gmt":"2025-02-10T00:00:31","guid":{"rendered":"https:\/\/www.wacoca.com\/news\/2415895\/"},"modified":"2025-02-10T00:00:31","modified_gmt":"2025-02-10T00:00:31","slug":"sismo-en-el-caribe-activo-alerta-de-tsunami","status":"publish","type":"post","link":"https:\/\/www.wacoca.com\/news\/2415895\/","title":{"rendered":"SISMO en el CARIBE ACTIV\u00d3 ALERTA de TSUNAMI"},"content":{"rendered":"<p><iframe loading=\"lazy\" title = \"SISMO en el CARIBE ACTIV\u00d3 ALERTA de TSUNAMI\"   width=\"580\" height=\"385\" src=\"https:\/\/www.youtube.com\/embed\/VJDvQJNM3hY\" frameborder=\"0\" allowfullscreen><\/iframe><br \/>\n<br \/>\nSISMO en el CARIBE ACTIV\u00d3 ALERTA de TSUNAMI<\/p>\n<p>#Canal26 #sismo #caribe #tsunami<\/p>\n<p>\ud83d\udc49 Un fuerte sismo sacudi\u00f3 al Caribe en la tarde del s\u00e1bado y se reportaron alertas de tsunami en distintos puntos de la regi\u00f3n, como las Islas Caim\u00e1n y Puerto Rico. Se trat\u00f3 de un temblor de magnitud 8 registrado 200 kil\u00f3metros al sudoeste de las Caim\u00e1n.<\/p>\n<p>Suscr\u00edbete al canal oficial de Canal 26 en YouTube:<br \/>\nhttps:\/\/www.youtube.com\/c\/canal26<\/p>\n<p>Visita nuestra WEB: https:\/\/www.canal26.com\/<\/p>\n<p>S\u00edguenos en nuestras redes sociales:<br \/>\nFACEBOOK: https:\/\/www.facebook.com\/canal26<br \/>\nINSTAGRAM https:\/\/www.instagram.com\/canal26\/<br \/>\nTELEGRAM: https:\/\/t.me\/canal26_noticias<br \/>\nTWITTER: https:\/\/twitter.com\/canal26noticias<br \/>\nTIKTOK: https:\/\/www.tiktok.com\/@canal26argentina<\/p>\n","protected":false},"excerpt":{"rendered":"<p>SISMO en el CARIBE ACTIV\u00d3 ALERTA de TSUNAMI #Canal26 #sismo #caribe #tsunami \ud83d\udc49 Un fuerte sismo sacudi\u00f3 al Cari<\/p>\n","protected":false},"author":4,"featured_media":2415896,"comment_status":"","ping_status":"","sticky":false,"template":"","format":"standard","meta":{"footnotes":"","_share_on_mastodon":"0"},"categories":[395391],"tags":[84929,778983,778986,778984,778985,778988,778987,67,1217,68,1225,447033,710498,262154,4204,233],"class_list":{"0":"post-2415895","1":"post","2":"type-post","3":"status-publish","4":"format-standard","5":"has-post-thumbnail","7":"category-breaking-news","8":"tag-actualidad","9":"tag-canal-26","10":"tag-canal-26-24h","11":"tag-canal-26-argentina","12":"tag-canal-26-noticias","13":"tag-caribe","14":"tag-eduardo-serenellini","15":"tag-japan","16":"tag-japan-breaking-news","17":"tag-japan-news","18":"tag-japan-today","19":"tag-noticias","20":"tag-noticias-internacionales","21":"tag-sismo","22":"tag-tsunami","23":"tag-233"},"share_on_mastodon":{"url":"","error":""},"_links":{"self":[{"href":"https:\/\/www.wacoca.com\/news\/wp-json\/wp\/v2\/posts\/2415895","targetHints":{"allow":["GET"]}}],"collection":[{"href":"https:\/\/www.wacoca.com\/news\/wp-json\/wp\/v2\/posts"}],"about":[{"href":"https:\/\/www.wacoca.com\/news\/wp-json\/wp\/v2\/types\/post"}],"author":[{"embeddable":true,"href":"https:\/\/www.wacoca.com\/news\/wp-json\/wp\/v2\/users\/4"}],"replies":[{"embeddable":true,"href":"https:\/\/www.wacoca.com\/news\/wp-json\/wp\/v2\/comments?post=2415895"}],"version-history":[{"count":0,"href":"https:\/\/www.wacoca.com\/news\/wp-json\/wp\/v2\/posts\/2415895\/revisions"}],"wp:featuredmedia":[{"embeddable":true,"href":"https:\/\/www.wacoca.com\/news\/wp-json\/wp\/v2\/media\/2415896"}],"wp:attachment":[{"href":"https:\/\/www.wacoca.com\/news\/wp-json\/wp\/v2\/media?parent=2415895"}],"wp:term":[{"taxonomy":"category","embeddable":true,"href":"https:\/\/www.wacoca.com\/news\/wp-json\/wp\/v2\/categories?post=2415895"},{"taxonomy":"post_tag","embeddable":true,"href":"https:\/\/www.wacoca.com\/news\/wp-json\/wp\/v2\/tags?post=2415895"}],"curies":[{"name":"wp","href":"https:\/\/api.w.org\/{rel}","templated":true}]}}