{"id":2413964,"date":"2025-02-09T03:10:50","date_gmt":"2025-02-09T03:10:50","guid":{"rendered":"https:\/\/www.wacoca.com\/news\/2413964\/"},"modified":"2025-02-09T03:10:50","modified_gmt":"2025-02-09T03:10:50","slug":"tras-terremoto-de-7-6-desactivan-alerta-de-tsunami-en-puerto-rico-y-las-islas-virgenes","status":"publish","type":"post","link":"https:\/\/www.wacoca.com\/news\/2413964\/","title":{"rendered":"Tras terremoto de 7.6, desactivan alerta de tsunami en Puerto Rico y las Islas V\u00edrgenes"},"content":{"rendered":"<p><iframe loading=\"lazy\" title = \"Tras terremoto de 7.6, desactivan alerta de tsunami en Puerto Rico y las Islas V\u00edrgenes\"   width=\"580\" height=\"385\" src=\"https:\/\/www.youtube.com\/embed\/iwSq_GnJEqk\" frameborder=\"0\" allowfullscreen><\/iframe><br \/>\n<br \/>\nTras terremoto de 7.6, desactivan alerta de tsunami en Puerto Rico y las Islas V\u00edrgenes<\/p>\n<p>Un sismo de magnitud 7.6 sacudi\u00f3 el Caribe y genera alert\u00f3 de tsunami, report\u00f3 el Servicio Geol\u00f3gico de Estados Unidos (USGS).<\/p>\n<p>#Sismo #Caribe #Tsunami<br \/>\n&#8212;&#8212;&#8212;&#8212;&#8212;&#8212;&#8212;&#8212;&#8212;&#8212;&#8212;&#8212;&#8212;&#8212;&#8212;&#8212;-<\/p>\n<p>M\u00c1S NOTICIAS DE EL UNIVERSAL: https:\/\/www.eluniversal.com.mx\/<\/p>\n<p>SUSCR\u00cdBETE a EL UNIVERSAL PLUS: https:\/\/www.eluniversal.com.mx\/suscripciones-periodico-eluniversal\/<br \/>\nCon tu suscripci\u00f3n a EL UNIVERSAL PLUS tienes acceso a contenidos exclusivos<\/p>\n<p>S\u00cdGUENOS EN:<br \/>\nFacebook &#8211; https:\/\/www.facebook.com\/ElUniversalOnline\/<br \/>\nTwitter &#8211; https:\/\/twitter.com\/El_Universal_Mx<br \/>\nGoogle News &#8211; http:\/\/eluni.mx\/sznhf<br \/>\nSpotify &#8211; http:\/\/eluni.mx\/lsbt_s-vu0<br \/>\nTikTok &#8211; https:\/\/www.tiktok.com\/eluniversalmx?lang=es<br \/>\nInstagram &#8211; https:\/\/www.instagram.com\/eluniversalmx\/?hl=es-la<\/p>\n","protected":false},"excerpt":{"rendered":"<p>Tras terremoto de 7.6, desactivan alerta de tsunami en Puerto Rico y las Islas V\u00edrgenes Un sismo de magnitud 7<\/p>\n","protected":false},"author":4,"featured_media":2413965,"comment_status":"","ping_status":"","sticky":false,"template":"","format":"standard","meta":{"footnotes":"","_share_on_mastodon":"0"},"categories":[395391],"tags":[778791,67,1217,68,1225,778796,163941,447033,710503,771661,778795,778800,778802,778797,778801,778793,778792,778794,778798,4204,778799,233],"class_list":{"0":"post-2413964","1":"post","2":"type-post","3":"status-publish","4":"format-standard","5":"has-post-thumbnail","7":"category-breaking-news","8":"tag-erremoto-en-el-caribe","9":"tag-japan","10":"tag-japan-breaking-news","11":"tag-japan-news","12":"tag-japan-today","13":"tag-mar-caribe","14":"tag-mexico","15":"tag-noticias","16":"tag-noticias-de-hoy","17":"tag-servicio-geologico-de-estados-unidos","18":"tag-sismo-de-magnitud-7-6-en-el-mar-caribe","19":"tag-sismo-en-el-mar-caribe","20":"tag-sismo-en-el-mar-caribe-hoy","21":"tag-sismo-mar-caribe","22":"tag-temblor-mar-caribe","23":"tag-terremoto-en-el-caribe","24":"tag-terremoto-en-el-caribe-hoy","25":"tag-terremoto-en-el-mar-caribe","26":"tag-terremoto-mar-caribe","27":"tag-tsunami","28":"tag-tsunami-mar-caribe","29":"tag-233"},"share_on_mastodon":{"url":"","error":""},"_links":{"self":[{"href":"https:\/\/www.wacoca.com\/news\/wp-json\/wp\/v2\/posts\/2413964","targetHints":{"allow":["GET"]}}],"collection":[{"href":"https:\/\/www.wacoca.com\/news\/wp-json\/wp\/v2\/posts"}],"about":[{"href":"https:\/\/www.wacoca.com\/news\/wp-json\/wp\/v2\/types\/post"}],"author":[{"embeddable":true,"href":"https:\/\/www.wacoca.com\/news\/wp-json\/wp\/v2\/users\/4"}],"replies":[{"embeddable":true,"href":"https:\/\/www.wacoca.com\/news\/wp-json\/wp\/v2\/comments?post=2413964"}],"version-history":[{"count":0,"href":"https:\/\/www.wacoca.com\/news\/wp-json\/wp\/v2\/posts\/2413964\/revisions"}],"wp:featuredmedia":[{"embeddable":true,"href":"https:\/\/www.wacoca.com\/news\/wp-json\/wp\/v2\/media\/2413965"}],"wp:attachment":[{"href":"https:\/\/www.wacoca.com\/news\/wp-json\/wp\/v2\/media?parent=2413964"}],"wp:term":[{"taxonomy":"category","embeddable":true,"href":"https:\/\/www.wacoca.com\/news\/wp-json\/wp\/v2\/categories?post=2413964"},{"taxonomy":"post_tag","embeddable":true,"href":"https:\/\/www.wacoca.com\/news\/wp-json\/wp\/v2\/tags?post=2413964"}],"curies":[{"name":"wp","href":"https:\/\/api.w.org\/{rel}","templated":true}]}}