{"id":2351821,"date":"2024-12-30T15:43:39","date_gmt":"2024-12-30T15:43:39","guid":{"rendered":"https:\/\/www.wacoca.com\/news\/2351821\/"},"modified":"2024-12-30T15:43:39","modified_gmt":"2024-12-30T15:43:39","slug":"funf-jahre-nach-ausbruch-der-corona-pandemie","status":"publish","type":"post","link":"https:\/\/www.wacoca.com\/news\/2351821\/","title":{"rendered":"F\u00fcnf Jahre nach Ausbruch der Corona-Pandemie"},"content":{"rendered":"<p><iframe loading=\"lazy\"  width=\"580\" height=\"385\" src=\"https:\/\/www.youtube.com\/embed\/8xf4Pj75hAU\" frameborder=\"0\" allowfullscreen><\/iframe><br \/>\n<br \/>\nF\u00fcnf Jahre nach Ausbruch der Corona-Pandemie<br \/>\n<\/p>\n<p>\nVor f\u00fcnf Jahren, am 31. Dezember 2019, meldet China die F\u00e4lle offiziell der Weltgesundheitsorganisation. Corona ist noch da und die Infektionskrankheit wird wohl auch nicht mehr verschwinden. Aber das Virus hat inzwischen etwas von seinem ganz gro\u00dfen Schrecken verloren. Die meisten Menschen hierzulande haben durch Impfung oder Infektion Antik\u00f6rper und damit einen gewissen Schutz aufgebaut. <\/p>\n<p>Alle aktuellen Informationen und tagesschau24 im Livestream: https:\/\/www.tagesschau.de\/<\/p>\n<p>Alle Sendungen, Livestreams, Dokumentation und Reportagen auch in der ARD-Mediathek: https:\/\/www.ardmediathek.de\/tagesschau<\/p>\n","protected":false},"excerpt":{"rendered":"<p>F\u00fcnf Jahre nach Ausbruch der Corona-Pandemie Vor f\u00fcnf Jahren, am 31. Dezember 2019, meldet China die F\u00e4lle off<\/p>\n","protected":false},"author":4,"featured_media":2351822,"comment_status":"","ping_status":"","sticky":false,"template":"","format":"standard","meta":{"footnotes":"","_share_on_mastodon":"0"},"categories":[53],"tags":[772838,772829,772843,772832,772840,14857,11871,8675,5278,772841,772836,72058,772837,593122,772839,659155,771283,772830,201,771093,772831,772834,772842,437128,772827,772828,380179,10348,772833,2200,772835,1541],"class_list":{"0":"post-2351821","1":"post","2":"type-post","3":"status-publish","4":"format-standard","5":"has-post-thumbnail","7":"category-japan","8":"tag-afd","9":"tag-ard","10":"tag-ard-mediathek","11":"tag-br24","12":"tag-cdu","13":"tag-china","14":"tag-corona","15":"tag-coronavirus","16":"tag-covid","17":"tag-csu","18":"tag-fdp","19":"tag-gesundheit","20":"tag-grune","21":"tag-infos","22":"tag-linke","23":"tag-mdr","24":"tag-nachrichten","25":"tag-ndr","26":"tag-news","27":"tag-pandemie","28":"tag-rbb","29":"tag-rtl-aktuell","30":"tag-russland","31":"tag-spd","32":"tag-tagesschau","33":"tag-tagesthemen","34":"tag-ukraine","35":"tag-virus","36":"tag-wdr-aktuell","37":"tag-who","38":"tag-zdfheute-nachrichten","39":"tag-1541"},"share_on_mastodon":{"url":"","error":""},"_links":{"self":[{"href":"https:\/\/www.wacoca.com\/news\/wp-json\/wp\/v2\/posts\/2351821","targetHints":{"allow":["GET"]}}],"collection":[{"href":"https:\/\/www.wacoca.com\/news\/wp-json\/wp\/v2\/posts"}],"about":[{"href":"https:\/\/www.wacoca.com\/news\/wp-json\/wp\/v2\/types\/post"}],"author":[{"embeddable":true,"href":"https:\/\/www.wacoca.com\/news\/wp-json\/wp\/v2\/users\/4"}],"replies":[{"embeddable":true,"href":"https:\/\/www.wacoca.com\/news\/wp-json\/wp\/v2\/comments?post=2351821"}],"version-history":[{"count":0,"href":"https:\/\/www.wacoca.com\/news\/wp-json\/wp\/v2\/posts\/2351821\/revisions"}],"wp:featuredmedia":[{"embeddable":true,"href":"https:\/\/www.wacoca.com\/news\/wp-json\/wp\/v2\/media\/2351822"}],"wp:attachment":[{"href":"https:\/\/www.wacoca.com\/news\/wp-json\/wp\/v2\/media?parent=2351821"}],"wp:term":[{"taxonomy":"category","embeddable":true,"href":"https:\/\/www.wacoca.com\/news\/wp-json\/wp\/v2\/categories?post=2351821"},{"taxonomy":"post_tag","embeddable":true,"href":"https:\/\/www.wacoca.com\/news\/wp-json\/wp\/v2\/tags?post=2351821"}],"curies":[{"name":"wp","href":"https:\/\/api.w.org\/{rel}","templated":true}]}}