{"id":2133301,"date":"2024-07-24T13:29:48","date_gmt":"2024-07-24T13:29:48","guid":{"rendered":"https:\/\/www.wacoca.com\/news\/2133301\/"},"modified":"2024-07-24T13:29:48","modified_gmt":"2024-07-24T13:29:48","slug":"%e3%80%90%e3%83%8f%e3%82%a4%e3%83%a9%e3%82%a4%e3%83%88%e3%80%91%e3%82%b5%e3%83%83%e3%82%ab%e3%83%bc%e6%97%a5%e6%9c%ac%e4%bb%a3%e8%a1%a8%e3%83%bb%e4%b8%ad%e6%9d%91%e6%95%ac%e6%96%97%e3%80%81%e4%bc%8a","status":"publish","type":"post","link":"https:\/\/www.wacoca.com\/news\/2133301\/","title":{"rendered":"\u3010\u30cf\u30a4\u30e9\u30a4\u30c8\u3011\u30b5\u30c3\u30ab\u30fc\u65e5\u672c\u4ee3\u8868\u30fb\u4e2d\u6751\u656c\u6597\u3001\u4f0a\u6771\u7d14\u4e5f\u51fa\u5834 | \u30b9\u30bf\u30c3\u30c9\u30fb\u30e9\u30f3\u30b9 vs \u30b8\u30e5\u30d3\u30ed\u78d0\u7530 [Stade de Reims vs Jubilo Iwata]"},"content":{"rendered":"<p><iframe loading=\"lazy\"  width=\"580\" height=\"385\" src=\"https:\/\/www.youtube.com\/embed\/_LKrFILi5H0\" frameborder=\"0\" allowfullscreen><\/iframe><br \/>\n<br \/>\n\u3010\u30cf\u30a4\u30e9\u30a4\u30c8\u3011\u30b5\u30c3\u30ab\u30fc\u65e5\u672c\u4ee3\u8868\u30fb\u4e2d\u6751\u656c\u6597\u3001\u4f0a\u6771\u7d14\u4e5f\u51fa\u5834 | \u30b9\u30bf\u30c3\u30c9\u30fb\u30e9\u30f3\u30b9 vs \u30b8\u30e5\u30d3\u30ed\u78d0\u7530 [Stade de Reims vs Jubilo Iwata]<br \/>\n<\/p>\n<p>\n7\/24\uff08\u6c34\uff0919:30\u30ad\u30c3\u30af\u30aa\u30d5<br \/>\n\u30b9\u30bf\u30c3\u30c9\u30fb\u30e9\u30f3\u30b9vs\u30b8\u30e5\u30d3\u30ed\u78d0\u7530\u306e\u72ec\u5360Live\u914d\u4fe1\u306e\u30cf\u30a4\u30e9\u30a4\u30c8\u6620\u50cf\u3067\u3059\uff01<\/p>\n<p>\u4f0a\u6771\u7d14\u4e5f\u3068\u4e2d\u6751\u656c\u6597\u304c\u51fa\u5834\uff01\u30d5\u30e9\u30f3\u30b9\u306e\u30c8\u30c3\u30d7\u30ab\u30c6\u30b4\u30ea\u30fc\u300c\u30ea\u30fc\u30b0\u30a2\u30f3\u300d\u6240\u5c5e\u306e\u30b9\u30bf\u30c3\u30c9\u30fb\u30e9\u30f3\u30b9\u306e\u30cf\u30a4\u30ec\u30d9\u30eb\u306a\u30d7\u30ec\u30fc\u306b\u30b8\u30e5\u30d3\u30ed\u78d0\u7530\u304c\u3069\u3046\u7acb\u3061\u5411\u304b\u3063\u305f\u306e\u304b\uff1f30\u5206\u306b\u51dd\u7e2e\u3057\u305f\u52d5\u753b\u3067\u30c1\u30a7\u30c3\u30af\uff01<br \/>\n\u8a66\u5408\u5f8c\u306e\u4f0a\u6771\u7d14\u4e5f\u3001\u4e2d\u6751\u656c\u6597\u306e\u30a4\u30f3\u30bf\u30d3\u30e5\u30fc\u3082\uff01<\/p>\n<p>\u5168\u7de8\u30d5\u30eb\u52d5\u753b\u306f\u3053\u3061\u3089<br \/>\n<iframe loading=\"lazy\" title=\"\u3010\u72ec\u5360\u30a2\u30fc\u30ab\u30a4\u30d6\u914d\u4fe1\u3011\u30b5\u30c3\u30ab\u30fc\u65e5\u672c\u4ee3\u8868\u30fb\u4e2d\u6751\u656c\u6597\u3001\u4f0a\u6771\u7d14\u4e5f\u51fa\u5834 | \u30b9\u30bf\u30c3\u30c9\u30fb\u30e9\u30f3\u30b9 vs \u30b8\u30e5\u30d3\u30ed\u78d0\u7530 [Stade de Reims vs Jubilo Iwata]\" width=\"770\" height=\"433\" src=\"https:\/\/www.youtube.com\/embed\/n7PbHbA6pf8?feature=oembed\" frameborder=\"0\" allow=\"accelerometer; autoplay; clipboard-write; encrypted-media; gyroscope; picture-in-picture; web-share\" referrerpolicy=\"strict-origin-when-cross-origin\" allowfullscreen><\/iframe><\/p>\n<p>\u89e3\u8aac\uff1a\u677e\u4e95\u5927\u8f14<br \/>\n\u5b9f\u6cc1\uff1a\u65b0\u57ce\u5065\u592a\uff08SBS\u30a2\u30ca\u30a6\u30f3\u30b5\u30fc\uff09<br \/>\n\u30d4\u30c3\u30c1\u30ea\u30dd\u30fc\u30c8\uff1a\u30d5\u30ed\u30fc\u30e9\u30f3\u30fb\u30c0\u30d0\u30c7\u30a3\u3000\u6749\u672c\u771f\u5b50\uff08SBS\u30a2\u30ca\u30a6\u30f3\u30b5\u30fc\uff09<\/p>\n<p>\u30b9\u30bf\u30c3\u30c9\u30fb\u30e9\u30f3\u30b9vs\u30b8\u30e5\u30d3\u30ed\u78d0\u7530\u300c\u7279\u8a2d\u30da\u30fc\u30b8\u300d\u306f\u60c5\u5831\u6e80\u8f09\uff01<br \/>\n\u300c\u30a2\u30c3\u30c8\u30a8\u30b9\u30d7\u30e9\u30b9\u300d\u30a2\u30d7\u30ea\u3092\u30c0\u30a6\u30f3\u30ed\u30fc\u30c9\u2192\u30a2\u30d7\u30ea\u5185\u306e\u300c\u30b7\u30ba\u30b5\u30ab\u300d\u306b\u7279\u8a2d\u30da\u30fc\u30b8\u304c\u3042\u308a\u307e\u3059\uff01\u305c\u3072\u3054\u89a7\u304f\u3060\u3055\u3044\u3002<br \/>\nhttps:\/\/yappli.plus\/ats-plus_shizusakacp<\/p>\n<p>24\/07 (mercredi) 12h30 coup d&#8217;envoi Stade Reims vs Jubilo Iwata La diffusion en direct gratuite et exclusive a \u00e9t\u00e9 d\u00e9cid\u00e9e ! La distribution devrait commencer \u00e0 11h00.<\/p>\n<p>Junya Ito et Keito Nakamura sont inscrits ! Comment Jubilo Iwata va-t-il r\u00e9sister au jeu de haut niveau du Stade Reims, qui appartient \u00e0 la premi\u00e8re cat\u00e9gorie fran\u00e7aise de Ligue 1 ? Veuillez en \u00eatre t\u00e9moin lors de la diffusion en direct ! Le coup d&#8217;envoi du match est fix\u00e9 \u00e0 12h30.<\/p>\n","protected":false},"excerpt":{"rendered":"<p>\u3010\u30cf\u30a4\u30e9\u30a4\u30c8\u3011\u30b5\u30c3\u30ab\u30fc\u65e5\u672c\u4ee3\u8868\u30fb\u4e2d\u6751\u656c\u6597\u3001\u4f0a\u6771\u7d14\u4e5f\u51fa\u5834 | \u30b9\u30bf\u30c3\u30c9\u30fb\u30e9\u30f3\u30b9 vs \u30b8\u30e5\u30d3\u30ed\u78d0\u7530 [Stade de Reims vs Jubilo Iwata] 7\/24\uff08\u6c34\uff0919:30\u30ad\u30c3\u30af\u30aa\u30d5 \u30b9\u30bf\u30c3\u30c9\u30fb\u30e9\u30f3\u30b9vs<\/p>\n","protected":false},"author":4,"featured_media":2133302,"comment_status":"","ping_status":"","sticky":false,"template":"","format":"standard","meta":{"footnotes":"","_share_on_mastodon":"0"},"categories":[549184],"tags":[638845,638844,638846,549188,12063,12065,90815,638843,46458,3016,1254,12064],"class_list":{"0":"post-2133301","1":"post","2":"type-post","3":"status-publish","4":"format-standard","5":"has-post-thumbnail","7":"category-fifa-world-cup","8":"tag-2026-fifa-world-cup","9":"tag-2026-world-cup","10":"tag-fifa-world-cup-2026","11":"tag-japan-national-football-team","12":"tag-sbs","14":"tag-world-cup","15":"tag-world-cup-2026","16":"tag-46458","17":"tag-3016","18":"tag-1254","19":"tag-12064"},"share_on_mastodon":{"url":"","error":""},"_links":{"self":[{"href":"https:\/\/www.wacoca.com\/news\/wp-json\/wp\/v2\/posts\/2133301","targetHints":{"allow":["GET"]}}],"collection":[{"href":"https:\/\/www.wacoca.com\/news\/wp-json\/wp\/v2\/posts"}],"about":[{"href":"https:\/\/www.wacoca.com\/news\/wp-json\/wp\/v2\/types\/post"}],"author":[{"embeddable":true,"href":"https:\/\/www.wacoca.com\/news\/wp-json\/wp\/v2\/users\/4"}],"replies":[{"embeddable":true,"href":"https:\/\/www.wacoca.com\/news\/wp-json\/wp\/v2\/comments?post=2133301"}],"version-history":[{"count":0,"href":"https:\/\/www.wacoca.com\/news\/wp-json\/wp\/v2\/posts\/2133301\/revisions"}],"wp:featuredmedia":[{"embeddable":true,"href":"https:\/\/www.wacoca.com\/news\/wp-json\/wp\/v2\/media\/2133302"}],"wp:attachment":[{"href":"https:\/\/www.wacoca.com\/news\/wp-json\/wp\/v2\/media?parent=2133301"}],"wp:term":[{"taxonomy":"category","embeddable":true,"href":"https:\/\/www.wacoca.com\/news\/wp-json\/wp\/v2\/categories?post=2133301"},{"taxonomy":"post_tag","embeddable":true,"href":"https:\/\/www.wacoca.com\/news\/wp-json\/wp\/v2\/tags?post=2133301"}],"curies":[{"name":"wp","href":"https:\/\/api.w.org\/{rel}","templated":true}]}}