{"id":1544073,"date":"2023-03-03T21:00:08","date_gmt":"2023-03-03T21:00:08","guid":{"rendered":"https:\/\/www.wacoca.com\/news\/1544073\/"},"modified":"2023-03-03T21:00:08","modified_gmt":"2023-03-03T21:00:08","slug":"%f0%9f%93%b8-sali-en-una-revista-internacional-%f0%9f%8c%8e","status":"publish","type":"post","link":"https:\/\/www.wacoca.com\/news\/1544073\/","title":{"rendered":"\ud83d\udcf8 Sal\u00ed en una revista INTERNACIONAL \ud83c\udf0e"},"content":{"rendered":"<p><iframe loading=\"lazy\"  width=\"580\" height=\"385\" src=\"https:\/\/www.youtube.com\/embed\/b_YZGIOjqGw\" frameborder=\"0\" allowfullscreen><\/iframe><br \/>\n<br \/>\nEn el video de hoy me acompa\u00f1ar\u00e1n y ver\u00e1n el detr\u00e1s de c\u00e1maras de una sesi\u00f3n de fotos para la revista Marie Claire, revista que ya se encuentra publicada y en donde podr\u00e1n ver este gran shooting que me ha gustado mucho, as\u00ed que vayan a verla y d\u00e9jenme en los comentarios que look fue el que m\u00e1s les gust\u00f3. <\/p>\n<p>\u2b07\u2b07\u2b07\u2b07 MIS REDES SOCIALES \u2b07\u2b07\u2b07\u2b07<br \/>\nInstagram: https:\/\/www.instagram.com\/iamannairiyama<br \/>\nTwitter: https:\/\/twitter.com\/iriyamaanna1203<br \/>\nFacebook: https:\/\/www.facebook.com\/Anna-Iriyama-107752934971792<br \/>\nTik Tok: https:\/\/www.tiktok.com\/@iamannairiyama<\/p>\n","protected":false},"excerpt":{"rendered":"<p>En el video de hoy me acompa\u00f1ar\u00e1n y ver\u00e1n el detr\u00e1s de c\u00e1maras de una sesi\u00f3n de fotos para la revista Marie Cl<\/p>\n","protected":false},"author":4,"featured_media":1544074,"comment_status":"","ping_status":"","sticky":false,"template":"","format":"standard","meta":{"footnotes":"","_share_on_mastodon":"0"},"categories":[53],"tags":[3714,2137,339019,340914,340909,560921,340910,7056,111587,451,379486,39802,379492,379487,379491,154784,340913,379489,340911,597949,94113,597952,163941,379490,560922,597951,597950,340912,597954,597953,379488,350410,134,45584],"class_list":{"0":"post-1544073","1":"post","2":"type-post","3":"status-publish","4":"format-standard","5":"has-post-thumbnail","7":"category-japan","8":"tag-akb","9":"tag-akb48","10":"tag-anna-iriyama","11":"tag-anna-iriyama-akb48","12":"tag-asians","13":"tag-christian-burgos","14":"tag-coreano-vlogs","15":"tag-idol","16":"tag-iriyama-anna","17":"tag-japanese","18":"tag-japanistic","19":"tag-japon","20":"tag-japon-bien-perron","21":"tag-japon-con-jamon","22":"tag-japon-desconocido","23":"tag-japonesa","24":"tag-kenrovlogs","25":"tag-kira-sensei","26":"tag-luisito-comunica","27":"tag-marie-claire-magazine","28":"tag-marieclaire","29":"tag-marieclaire-mx","30":"tag-mexico","31":"tag-nekojitablog","32":"tag-oscar-amaury","33":"tag-portada-marie-claire","34":"tag-portada-revista","35":"tag-pueblos-magicos-de-mexico","36":"tag-revista-marie-claire","37":"tag-revista-marieclaire","38":"tag-ruthisan","39":"tag-viajes","40":"tag-vlog","41":"tag-45584"},"share_on_mastodon":{"url":"","error":""},"_links":{"self":[{"href":"https:\/\/www.wacoca.com\/news\/wp-json\/wp\/v2\/posts\/1544073","targetHints":{"allow":["GET"]}}],"collection":[{"href":"https:\/\/www.wacoca.com\/news\/wp-json\/wp\/v2\/posts"}],"about":[{"href":"https:\/\/www.wacoca.com\/news\/wp-json\/wp\/v2\/types\/post"}],"author":[{"embeddable":true,"href":"https:\/\/www.wacoca.com\/news\/wp-json\/wp\/v2\/users\/4"}],"replies":[{"embeddable":true,"href":"https:\/\/www.wacoca.com\/news\/wp-json\/wp\/v2\/comments?post=1544073"}],"version-history":[{"count":0,"href":"https:\/\/www.wacoca.com\/news\/wp-json\/wp\/v2\/posts\/1544073\/revisions"}],"wp:featuredmedia":[{"embeddable":true,"href":"https:\/\/www.wacoca.com\/news\/wp-json\/wp\/v2\/media\/1544074"}],"wp:attachment":[{"href":"https:\/\/www.wacoca.com\/news\/wp-json\/wp\/v2\/media?parent=1544073"}],"wp:term":[{"taxonomy":"category","embeddable":true,"href":"https:\/\/www.wacoca.com\/news\/wp-json\/wp\/v2\/categories?post=1544073"},{"taxonomy":"post_tag","embeddable":true,"href":"https:\/\/www.wacoca.com\/news\/wp-json\/wp\/v2\/tags?post=1544073"}],"curies":[{"name":"wp","href":"https:\/\/api.w.org\/{rel}","templated":true}]}}