{"id":130,"date":"2019-04-06T08:22:02","date_gmt":"2019-04-06T08:22:02","guid":{"rendered":"https:\/\/www.wacoca.com\/news\/130\/"},"modified":"2019-04-06T08:22:02","modified_gmt":"2019-04-06T08:22:02","slug":"the-chick-corea-akoustic-band-jazz-san-javier-2018","status":"publish","type":"post","link":"https:\/\/www.wacoca.com\/news\/130\/","title":{"rendered":"THE CHICK COREA AKOUSTIC BAND. JAZZ SAN JAVIER 2018."},"content":{"rendered":"<p><iframe loading=\"lazy\"  width=\"580\" height=\"385\" src=\"https:\/\/www.youtube.com\/embed\/w-XZu8DBLSs\" frameborder=\"0\" allowfullscreen><\/iframe><br \/>\n<br \/>\nTHE CHICK COREA AKOUSTIC BAND WITH JOHN PATITUCCI &#038; DAVE WECKL. 28 JULIO 2018. JAZZ SAN JAVIER 2018.<\/p>\n<p>Jazz San Javier tiene el placer de presentar el regreso de Chick Corea al Festival, tras diecinueve a\u00f1os de su recordado concierto con el grupo Origin y la participaci\u00f3n como invitado especial de Gary Burton, en la segunda edici\u00f3n del mismo. Con una brillant\u00edsima carrera que comenz\u00f3 en 1966 como l\u00edder de sus propios proyectos; con 20 premios Grammy en su haber y 51 nominaciones a los mismos, Chick Corea es la cima del piano entre los m\u00fasicos de su generaci\u00f3n, junto a Herbie Hancock y Keith Jarrett. Innovador con sus proyectos el\u00e9ctricos como \u201cReturn To Forever\u201d y la \u201cElektric Band\u201d, esta leyenda viva del jazz nos muestra su mejor faceta de pianista genial con sus proyectos ac\u00fasticos. De ellos, el m\u00e1s brillante es la Akoustic Band, una reuni\u00f3n, que se percibe como el evento jazz\u00edstico del a\u00f1o, con otros dos grandes del jazz, John Patitucci y Dave Weckl.<\/p>\n<p>Formaci\u00f3n:<\/p>\n<p>Chick Corea (piano)<br \/>\nJohn Patitucci (bajo)<br \/>\nDave Weckl (bater\u00eda)<\/p>\n","protected":false},"excerpt":{"rendered":"<p>THE CHICK COREA AKOUSTIC BAND WITH JOHN PATITUCCI &#038; DAVE WECKL. 28 JULIO 2018. JAZZ SAN JAVIER 2018. Jazz<\/p>\n","protected":false},"author":4,"featured_media":131,"comment_status":"","ping_status":"","sticky":false,"template":"","format":"standard","meta":{"footnotes":"","_share_on_mastodon":"0"},"categories":[53],"tags":[67,68,555,556,554],"class_list":{"0":"post-130","1":"post","2":"type-post","3":"status-publish","4":"format-standard","5":"has-post-thumbnail","7":"category-japan","8":"tag-japan","9":"tag-japan-news","10":"tag-jazz","11":"tag-san-javier","12":"tag-554"},"share_on_mastodon":{"url":"","error":""},"_links":{"self":[{"href":"https:\/\/www.wacoca.com\/news\/wp-json\/wp\/v2\/posts\/130","targetHints":{"allow":["GET"]}}],"collection":[{"href":"https:\/\/www.wacoca.com\/news\/wp-json\/wp\/v2\/posts"}],"about":[{"href":"https:\/\/www.wacoca.com\/news\/wp-json\/wp\/v2\/types\/post"}],"author":[{"embeddable":true,"href":"https:\/\/www.wacoca.com\/news\/wp-json\/wp\/v2\/users\/4"}],"replies":[{"embeddable":true,"href":"https:\/\/www.wacoca.com\/news\/wp-json\/wp\/v2\/comments?post=130"}],"version-history":[{"count":0,"href":"https:\/\/www.wacoca.com\/news\/wp-json\/wp\/v2\/posts\/130\/revisions"}],"wp:featuredmedia":[{"embeddable":true,"href":"https:\/\/www.wacoca.com\/news\/wp-json\/wp\/v2\/media\/131"}],"wp:attachment":[{"href":"https:\/\/www.wacoca.com\/news\/wp-json\/wp\/v2\/media?parent=130"}],"wp:term":[{"taxonomy":"category","embeddable":true,"href":"https:\/\/www.wacoca.com\/news\/wp-json\/wp\/v2\/categories?post=130"},{"taxonomy":"post_tag","embeddable":true,"href":"https:\/\/www.wacoca.com\/news\/wp-json\/wp\/v2\/tags?post=130"}],"curies":[{"name":"wp","href":"https:\/\/api.w.org\/{rel}","templated":true}]}}