{"id":638601,"date":"2026-04-24T14:42:43","date_gmt":"2026-04-24T14:42:43","guid":{"rendered":"https:\/\/www.wacoca.com\/media\/638601\/"},"modified":"2026-04-24T14:42:43","modified_gmt":"2026-04-24T14:42:43","slug":"dolby-atmos-da-el-salto-a-la-dtv-con-tv-azteca","status":"publish","type":"post","link":"https:\/\/www.wacoca.com\/media\/638601\/","title":{"rendered":"Dolby Atmos da el salto a la DTV con TV Azteca"},"content":{"rendered":"<div id=\"post-265582\">\n<p><a href=\"https:\/\/www.panoramaaudiovisual.com\/wp-content\/uploads\/2026\/04\/TV-Azteca-Dolby-Atmos-2-Foto-Dolby.webp\" rel=\"nofollow noopener\" target=\"_blank\"><img fetchpriority=\"high\" decoding=\"async\" class=\"aligncenter size-large wp-image-265588 lazy\" src=\"https:\/\/www.wacoca.com\/media\/wp-content\/uploads\/2026\/04\/TV-Azteca-Dolby-Atmos-2-Foto-Dolby-605x314.webp\" alt=\"TV Azteca - Dolby Atmos (Foto: Dolby)\" width=\"605\" height=\"314\"  data-\/><\/a><\/p>\n<p><a href=\"https:\/\/www.dolby.com\" target=\"_blank\" rel=\"noopener nofollow\">\u30c9\u30eb\u30d3\u30fc<\/a> alcanza un acuerdo con <a href=\"https:\/\/www.tvazteca.com\/\" target=\"_blank\" rel=\"noopener nofollow\">TV Azteca<\/a> para llevar Dolby Atmos a la televisi\u00f3n abierta en M\u00e9xico a trav\u00e9s del est\u00e1ndar ATSC 1.0, en la que es una de las primeras incursiones globales del audio expandido en las retransmisiones DTV.<\/p>\n<p>Pedro Manuel Carmona Ortiz, CTO de TV Azteca, considera que este \u201chito tecnol\u00f3gico\u201d supone un \u201cpunto de inflexi\u00f3n en la industria\u201d. El proyecto llega tras una extensa colaboraci\u00f3n entre Dolby y la televisi\u00f3n mexicana; una alianza \u201cestrat\u00e9gica y duradera\u201d que se ha apoyado en la \u9769\u65b0 como motor de la evoluci\u00f3n tecnol\u00f3gica\u201d. El anuncio se realiz\u00f3 en Las Vegas, en el marco de NAB 2026\u3002<\/p>\n<p><a href=\"https:\/\/www.panoramaaudiovisual.com\/wp-content\/uploads\/2026\/04\/TV-Azteca-Dolby-Atmos.webp\" rel=\"nofollow noopener\" target=\"_blank\"><img loading=\"lazy\" decoding=\"async\" class=\"alignright size-medium wp-image-265589 lazy\" src=\"https:\/\/www.wacoca.com\/media\/wp-content\/uploads\/2026\/04\/TV-Azteca-Dolby-Atmos-340x199.webp\" alt=\"TV Azteca - Dolby Atmos\" width=\"340\" height=\"199\"  data-\/><\/a>En el proceso de implementaci\u00f3n tambi\u00e9n ha jugado un papel clave <a href=\"https:\/\/imaginecommunications.com\/\" target=\"_blank\" rel=\"noopener nofollow\">\u30b3\u30df\u30e5\u30cb\u30b1\u30fc\u30b7\u30e7\u30f3\u3092\u60f3\u50cf\u3059\u308b<\/a>, empresa que proporciona la infraestructura base de las emisiones de TV Azteca\u3001 \u540c\u69d8\u306b <a href=\"https:\/\/www.ateme.com\/\" target=\"_blank\" rel=\"noopener nofollow\">\u30a2\u30c6\u30e0<\/a>, firma especializada en soluci\u00f3n de compresi\u00f3n y distribuci\u00f3n de v\u00eddeo que \u201cnos ha brindado el respaldo necesario para avanzar de manera s\u00f3lida en esta iniciativa\u201d, apunta Carmona.<\/p>\n<p>El avance cobrar\u00e1 especial relevancia en los eventos deportivos en directo. Pankaj Kedia, VP Am\u00e9ricas del \u00e1rea commercial partnerships de Dolby Laboratories, apunta a este respecto: \u201cImagina ver un partido desde tu sala y escuchar de d\u00f3nde viene cada grito de la tribuna, el golpe del bal\u00f3n y la voz del narrador movi\u00e9ndose a tu alrededor. Eso es lo que Dolby Atmos hace posible hoy en M\u00e9xico\u201d.<\/p>\n<div class=\"nota\">\n\u3053\u306e\u8a18\u4e8b\u306f\u6c17\u306b\u5165\u308a\u307e\u3057\u305f\u304b?<\/p>\n<p>\u8cfc\u8aad\u3057\u3066\u304f\u3060\u3055\u3044  <a href=\"https:\/\/www.panoramaaudiovisual.com\/ja\/alta-en-newsletter\/\" rel=\"nofollow noopener\" target=\"_blank\">\u30cb\u30e5\u30fc\u30b9\u30ec\u30bf\u30fc<\/a> \u4f55\u3082\u898b\u9003\u3059\u3053\u3068\u306f\u3042\u308a\u307e\u305b\u3093\u3002<\/p>\n<\/div><\/div>\n","protected":false},"excerpt":{"rendered":"<p>\u30c9\u30eb\u30d3\u30fc alcanza un acuerdo con TV Azteca para llevar Dolby Atmos a la televisi\u00f3n abierta en M\u00e9xico a trav\u00e9s del e<\/p>\n","protected":false},"author":3,"featured_media":638602,"comment_status":"","ping_status":"","sticky":false,"template":"","format":"standard","meta":{"footnotes":"","_share_on_mastodon":"0"},"categories":[202194],"tags":[271155,271156,271157,57721,19546,271158,202488,8310,82460],"class_list":{"0":"post-638601","1":"post","2":"type-post","3":"status-publish","4":"format-standard","5":"has-post-thumbnail","7":"category-tv","8":"tag-ateme","9":"tag-dolby","10":"tag-imagine-communications","11":"tag-television","12":"tag-tv","13":"tag-tv-azteca","14":"tag-tv-programs","15":"tag-8310","16":"tag-82460"},"share_on_mastodon":{"url":"https:\/\/wakoka.com\/@media\/116460214401095097","error":""},"_links":{"self":[{"href":"https:\/\/www.wacoca.com\/media\/wp-json\/wp\/v2\/posts\/638601","targetHints":{"allow":["GET"]}}],"collection":[{"href":"https:\/\/www.wacoca.com\/media\/wp-json\/wp\/v2\/posts"}],"about":[{"href":"https:\/\/www.wacoca.com\/media\/wp-json\/wp\/v2\/types\/post"}],"author":[{"embeddable":true,"href":"https:\/\/www.wacoca.com\/media\/wp-json\/wp\/v2\/users\/3"}],"replies":[{"embeddable":true,"href":"https:\/\/www.wacoca.com\/media\/wp-json\/wp\/v2\/comments?post=638601"}],"version-history":[{"count":0,"href":"https:\/\/www.wacoca.com\/media\/wp-json\/wp\/v2\/posts\/638601\/revisions"}],"wp:featuredmedia":[{"embeddable":true,"href":"https:\/\/www.wacoca.com\/media\/wp-json\/wp\/v2\/media\/638602"}],"wp:attachment":[{"href":"https:\/\/www.wacoca.com\/media\/wp-json\/wp\/v2\/media?parent=638601"}],"wp:term":[{"taxonomy":"category","embeddable":true,"href":"https:\/\/www.wacoca.com\/media\/wp-json\/wp\/v2\/categories?post=638601"},{"taxonomy":"post_tag","embeddable":true,"href":"https:\/\/www.wacoca.com\/media\/wp-json\/wp\/v2\/tags?post=638601"}],"curies":[{"name":"wp","href":"https:\/\/api.w.org\/{rel}","templated":true}]}}