{"id":130776,"date":"2020-10-21T22:00:21","date_gmt":"2020-10-21T22:00:21","guid":{"rendered":"https:\/\/www.wacoca.com\/life\/130776\/"},"modified":"2020-10-21T22:00:21","modified_gmt":"2020-10-21T22:00:21","slug":"%f0%9f%92%9a-cronograma-capilar-loreal-professionnel-low-poo","status":"publish","type":"post","link":"https:\/\/www.wacoca.com\/life\/130776\/","title":{"rendered":"\ud83d\udc9a CRONOGRAMA CAPILAR L&#8217;\u00d3REAL PROFESSIONNEL [Low Poo]"},"content":{"rendered":"<p><iframe loading=\"lazy\"  width=\"580\" height=\"385\" src=\"https:\/\/www.youtube.com\/embed\/zlDLN4jR7C0\" frameborder=\"0\" allowfullscreen><\/iframe><br \/>\n<br \/>\n#Fiqueemcasa #comigo e assista ao v\u00eddeo com #CronogramaCapilar s\u00f3 com mascaras da L&#8217;\u00f3real divididas entre as etapas de hidrata\u00e7\u00e3o capilar, nutri\u00e7\u00e3o capilar e reconstru\u00e7\u00e3o.<br \/>\nNesse v\u00eddeo voc\u00ea vai ver m\u00e1scaras como L&#8217;\u00d3real Pro Longer, L&#8217;\u00d3real Vitamino Color, L&#8217;\u00d3real Absolut Repair e muito mais!<br \/>\nSe inscreva no canal e j\u00e1 deixe o lik\u00e3o da brilhosidade<br \/>\n\u2665 Baixe a tabelinha gratuita aqui: https:\/\/carolkyoko.com\/cronograma-capilar-loreal-professionnel\/<\/p>\n<p>\u2661 Lojas Confi\u00e1veis para comprar L&#8217;\u00d3real<br \/>\n\u2665 ELAUSA: https:\/\/elausa.com.br\/marcas\/l-oreal.html<br \/>\nUse o cupom: CAROL10<\/p>\n<p>\u2665 FIKBELLA: https:\/\/bit.ly\/Fikbella<br \/>\nUse o cupom: FRETECAROL<\/p>\n<p>\u2661 Esse v\u00eddeo n\u00e3o \u00e9 uma publicidade \u2661<br \/>\n&#8230;&#8230;&#8230;&#8230;&#8230;&#8230;&#8230;&#8230;&#8230;&#8230;&#8230;&#8230;&#8230;\u00ad&#8230;&#8230;&#8230;&#8230;&#8230;&#8230;&#8230;&#8230;&#8230;&#8230;&#8230;&#8230;.\u00ad&#8230;&#8230;&#8230;&#8230;&#8230;&#8230;&#8230;&#8230;&#8230;&#8230;.<br \/>\n\u2665 Blog: http:\/\/carolkyoko.com<br \/>\n\u2665 Facebook: carolkyoko<br \/>\n\u2665 Instagram: @carolkyoko<br \/>\n&#8230;&#8230;&#8230;&#8230;&#8230;&#8230;&#8230;&#8230;&#8230;&#8230;&#8230;&#8230;&#8230;.\u00ad&#8230;&#8230;&#8230;&#8230;&#8230;&#8230;&#8230;&#8230;&#8230;&#8230;&#8230;&#8230;.\u00ad&#8230;&#8230;&#8230;&#8230;&#8230;&#8230;&#8230;&#8230;&#8230;&#8230;.<br \/>\n\ud83d\udce7 E-mail: contato@carolkyoko.com<br \/>\n\ud83d\udcec  Caixa Postal: 7005 SJC\/SP<br \/>\nCep: 12220-970<\/p>\n","protected":false},"excerpt":{"rendered":"<p>#Fiqueemcasa #comigo e assista ao v\u00eddeo com #CronogramaCapilar s\u00f3 com mascaras da L&#8217;\u00f3real divididas entr<\/p>\n","protected":false},"author":2,"featured_media":130777,"comment_status":"open","ping_status":"","sticky":false,"template":"","format":"standard","meta":{"footnotes":"","_share_on_mastodon":"0"},"categories":[5],"tags":[31,103802,103803,103798,103796,103797,103800,103799,103801,46264,103807,103805,46268,103806,103804,103808,46270,30,475],"class_list":{"0":"post-130776","1":"post","2":"type-post","3":"status-publish","4":"format-standard","5":"has-post-thumbnail","7":"category-hair-care","8":"tag-conditioner","9":"tag-cronograma-capilar-com-loreal","10":"tag-cronograma-capilar-com-produtos-loreal","11":"tag-cronograma-capilar-loreal-absolut-repair","12":"tag-cronograma-capilar-loreal-profissional","13":"tag-cronograma-capilar-loreal-resenha","14":"tag-cronograma-capilar-produtos-loreal","15":"tag-kit-cronograma-capilar-loreal","16":"tag-kit-cronograma-capilar-loreal-profissional","17":"tag-loreal-absolut-repair","18":"tag-loreal-force-relax","19":"tag-loreal-gold-quinoar","20":"tag-loreal-liss-unlimited","21":"tag-loreal-pos-quimica","22":"tag-loreal-pro-longer-resenha","23":"tag-loreal-resenha","24":"tag-loreal-vitamino-color","25":"tag-shampoo","26":"tag-475"},"share_on_mastodon":{"url":"","error":""},"_links":{"self":[{"href":"https:\/\/www.wacoca.com\/life\/wp-json\/wp\/v2\/posts\/130776","targetHints":{"allow":["GET"]}}],"collection":[{"href":"https:\/\/www.wacoca.com\/life\/wp-json\/wp\/v2\/posts"}],"about":[{"href":"https:\/\/www.wacoca.com\/life\/wp-json\/wp\/v2\/types\/post"}],"author":[{"embeddable":true,"href":"https:\/\/www.wacoca.com\/life\/wp-json\/wp\/v2\/users\/2"}],"replies":[{"embeddable":true,"href":"https:\/\/www.wacoca.com\/life\/wp-json\/wp\/v2\/comments?post=130776"}],"version-history":[{"count":0,"href":"https:\/\/www.wacoca.com\/life\/wp-json\/wp\/v2\/posts\/130776\/revisions"}],"wp:featuredmedia":[{"embeddable":true,"href":"https:\/\/www.wacoca.com\/life\/wp-json\/wp\/v2\/media\/130777"}],"wp:attachment":[{"href":"https:\/\/www.wacoca.com\/life\/wp-json\/wp\/v2\/media?parent=130776"}],"wp:term":[{"taxonomy":"category","embeddable":true,"href":"https:\/\/www.wacoca.com\/life\/wp-json\/wp\/v2\/categories?post=130776"},{"taxonomy":"post_tag","embeddable":true,"href":"https:\/\/www.wacoca.com\/life\/wp-json\/wp\/v2\/tags?post=130776"}],"curies":[{"name":"wp","href":"https:\/\/api.w.org\/{rel}","templated":true}]}}