{"id":129046,"date":"2021-05-27T12:16:42","date_gmt":"2021-05-27T12:16:42","guid":{"rendered":"https:\/\/www.wacoca.com\/life\/129046\/"},"modified":"2021-05-27T12:16:42","modified_gmt":"2021-05-27T12:16:42","slug":"az-kaldi-gidiyoruz-35-dkda-5-piknik-atistirmaligi-yapmalisin-ne-yaparsin-cat-kapi-duble-b4","status":"publish","type":"post","link":"https:\/\/www.wacoca.com\/life\/129046\/","title":{"rendered":"Az Kald\u0131, Gidiyoruz! 35 dk\u2019da 5 Piknik At\u0131\u015ft\u0131rmal\u0131\u011f\u0131 Yapmal\u0131s\u0131n. Ne Yapars\u0131n? | \u00c7at Kap\u0131 DUBLE B4"},"content":{"rendered":"<p><iframe loading=\"lazy\"  width=\"580\" height=\"385\" src=\"https:\/\/www.youtube.com\/embed\/XouFhwA_Ezo\" frameborder=\"0\" allowfullscreen><\/iframe><br \/>\n<br \/>\nPiknik mevsimi geldi\u011fine g\u00f6re, huzurlar\u0131n\u0131zda birbirinden nefis ve pratik \u201cpiknik tarifleriyle\u201d i\u00e7inizi a\u00e7acak, i\u015ftah\u0131n\u0131z\u0131 kabartacak bir \u201c\u00c7at Kap\u0131 Duble\u201d b\u00f6l\u00fcm\u00fc!<\/p>\n<p>\u00dcstelik \u015feflerimiz bu b\u00f6l\u00fcmde ki\u015fi ba\u015f\u0131 bir de\u011fil, iki de\u011fil, \u00fc\u00e7 de\u011fil tam be\u015f farkl\u0131 piknik tarifi haz\u0131rl\u0131yor! Hem de tam 35 dakika i\u00e7inde. Hepsi de afiyetle, elle yenebilir tarifler. Tabii yine \u201cD\u0131\u015f Ses\u201din onlara sonradan s\u00f6yledi\u011fi ufak bir s\u00fcrpriz haberle birlikte.<\/p>\n<p>\u00dclkece \u00e7ok sevdi\u011fimiz, bahar aylar\u0131n\u0131 k\u0131s\u0131tlamalarla ge\u00e7irdi\u011fimiz i\u00e7in bir an \u00f6nce kavu\u015fmak istedi\u011fimiz pikniklerde \u00f6ncelikle sosyal mesafemizi korumaya devam edelim, bu lezzetlerin tad\u0131n\u0131 da \u00f6zledi\u011fimiz sevdiklerimizle birlikte \u00e7\u0131karal\u0131m.<\/p>\n<p>Kronometreleri kurmay\u0131 ve yorum yapmay\u0131 aman unutmay\u0131n: \u00c7at Kap\u0131 Duble ba\u015fl\u0131yor!<\/p>\n<p>Yasemin \u015eef&#8217;in Tarifleri \u0130\u00e7in:<br \/>\nF\u00fcme Etli Galeta Parmaklar: https:\/\/yemek.com\/tarif\/fume-etli-galeta-parmaklar\/<br \/>\nTar\u00e7\u0131nl\u0131 \u015eekerli Milf\u00f6y Puflar\u0131: https:\/\/yemek.com\/tarif\/tarcinli-sekerli-milfoy-puflari\/<br \/>\nSomonl\u0131 Lava\u015f Sushi: https:\/\/yemek.com\/tarif\/somonlu-lavas-sushi\/<br \/>\nAvokadolu Sos: https:\/\/yemek.com\/tarif\/avokadolu-sos\/<br \/>\nSalsal\u0131 \u00c7\u0131t\u0131r Marul: https:\/\/yemek.com\/tarif\/salsali-citir-marul\/<\/p>\n<p>Ferhat \u015eef&#8217;in Tarifleri \u0130\u00e7in:<br \/>\nSomon Yumurta ve Taze Otlu Dip Sos: https:\/\/yemek.com\/tarif\/somon-yumurta-ve-taze-otlu-dip-sos<br \/>\nPancar ve Enginarl\u0131 Makarna Salatas\u0131: https:\/\/yemek.com\/tarif\/pancar-ve-enginarli-makarna-salatasi<br \/>\nBarbek\u00fc Soslu ve Ac\u0131l\u0131 Sosis: https:\/\/yemek.com\/tarif\/barbeku-soslu-ve-acili-sosis\/<br \/>\n3 Peynirli Mantar Dolmas\u0131: https:\/\/yemek.com\/tarif\/3-peynirli-mantar-dolmasi\/<br \/>\nK\u00f6rili ve Kuru Etli Patates: https:\/\/yemek.com\/tarif\/korili-ve-kuru-etli-patates\/ <\/p>\n<p>Bilmenizde fayda var:<br \/>\n1-) T\u00fcm tariflerimizdeki su barda\u011f\u0131 \u00f6l\u00e7\u00fclerini 200 ml&#8217;lik standart su barda\u011f\u0131 \u00fczerinden vermekteyiz.<br \/>\n2-) F\u0131r\u0131n kulland\u0131\u011f\u0131m\u0131z t\u00fcm tarif videolar\u0131m\u0131zda \u015feflerimiz aksini s\u00f6zl\u00fc olarak belirtmedik\u00e7e f\u0131r\u0131n\u0131m\u0131z hep FANLI ALT\/\u00dcST ayardad\u0131r.<\/p>\n<p>Yemek.com&#8217;un yeni videolar\u0131ndan hemen haberdar olmak i\u00e7in abone olun: http:\/\/bit.ly\/1MH0ZfU<\/p>\n<p>Sitemizi ziyaret edin: http:\/\/www.yemek.com<\/p>\n<p>Yasemin \u015eef&#8217;in t\u00fcm tariflerine ula\u015fmak i\u00e7in: https:\/\/yemek.com\/profil\/yasemingursurer\/<\/p>\n<p>Ferhat \u015eef&#8217;in t\u00fcm tariflerine ula\u015fmak i\u00e7in: https:\/\/yemek.com\/profil\/ferhatbora\/ <\/p>\n<p>SOSYAL MEDYA HESAPLARIMIZ<br \/>\n\u2022 Instagram: http:\/\/www.instagram.com\/yemekcom<br \/>\n\u2022 Facebook: http:\/\/www.facebook.com\/yemekcomm<br \/>\n\u2022 Twitter: http:\/\/www.twitter.com\/yemekcom<br \/>\n\u2022 Tiktok: https:\/\/www.tiktok.com\/@yemek.com<\/p>\n<p>Mutfak sponsorumuz Vestel&#8217;in Yemek.com mutfa\u011f\u0131nda kullan\u0131lan \u00fcr\u00fcnlerine ula\u015fmak i\u00e7in:<\/p>\n<p>\u2022 Vestel Buzdolab\u0131: https:\/\/bit.ly\/37job4E<\/p>\n<p>\u2022 Vestel Ankastre Bula\u015f\u0131k Makinas\u0131: https:\/\/bit.ly\/37sqO4s<\/p>\n<p>\u2022 Vestel Ankastre Ocak: http:\/\/bit.ly\/2jwAcLK<\/p>\n<p>\u2022 Vestel Ankastre F\u0131r\u0131n: https:\/\/bit.ly\/37lq4Ok<\/p>\n<p>\u2022 Vestel Mikrodalga F\u0131r\u0131n: https:\/\/bit.ly\/2AqZM11<\/p>\n<p>\u2022 Vestel Sade T\u00fcrk Kahvesi Makinesi: https:\/\/bit.ly\/2Q9MfiA<\/p>\n<p>\u2022 Vestel Taze Kahve Makinesi: https:\/\/bit.ly\/2XRUzZa<\/p>\n<p>Yemek.com&#8217;un yeni st\u00fcdyosunun rengarenk duvar resmine hayat veren ekip \ud83d\udc49  https:\/\/www.instagram.com\/boya.banada\/<\/p>\n<p>B\u00f6l\u00fcmler<br \/>\n00:00 Giri\u015f<br \/>\n02:44 Malzeme Ke\u015ffi<br \/>\n03:52 Tarifler<br \/>\n15:36 Tad\u0131m<br \/>\n26:22 Kapan\u0131\u015f<\/p>\n<p>#yemekcom<\/p>\n","protected":false},"excerpt":{"rendered":"<p>Piknik mevsimi geldi\u011fine g\u00f6re, huzurlar\u0131n\u0131zda birbirinden nefis ve pratik \u201cpiknik tarifleriyle\u201d i\u00e7inizi a\u00e7acak<\/p>\n","protected":false},"author":2,"featured_media":129047,"comment_status":"open","ping_status":"","sticky":false,"template":"","format":"standard","meta":{"footnotes":"","_share_on_mastodon":"0"},"categories":[10],"tags":[22130,22139,22132,22137,22135,2037,22127,22133,22136,22129,22126,22138,22125,22131,22124,22140,22134,22121,22128,22123,22122,3091],"class_list":{"0":"post-129046","1":"post","2":"type-post","3":"status-publish","4":"format-standard","5":"has-post-thumbnail","7":"category-hand-care","8":"tag-yemektarifleri","9":"tag-ana-yemek-tarifleri","10":"tag-basit-yemek-tarifleri","11":"tag-cat-kapi","12":"tag-ferhat-sef","13":"tag-hand-cream","14":"tag-hizli","15":"tag-hizli-yemek-tarifleri","16":"tag-kaca-olsa-yersin","17":"tag-kolay-yemek-tarifleri","18":"tag-mutfak","19":"tag-nasil-yapilir","20":"tag-pratik","21":"tag-pratik-yemek-tarifleri","22":"tag-tarif","23":"tag-tatli-tarifleri","24":"tag-yasemin-sef","25":"tag-yemek","26":"tag-yemek-tarifleri","27":"tag-yemek-com","28":"tag-yemekcom","29":"tag-3091"},"share_on_mastodon":{"url":"","error":""},"_links":{"self":[{"href":"https:\/\/www.wacoca.com\/life\/wp-json\/wp\/v2\/posts\/129046","targetHints":{"allow":["GET"]}}],"collection":[{"href":"https:\/\/www.wacoca.com\/life\/wp-json\/wp\/v2\/posts"}],"about":[{"href":"https:\/\/www.wacoca.com\/life\/wp-json\/wp\/v2\/types\/post"}],"author":[{"embeddable":true,"href":"https:\/\/www.wacoca.com\/life\/wp-json\/wp\/v2\/users\/2"}],"replies":[{"embeddable":true,"href":"https:\/\/www.wacoca.com\/life\/wp-json\/wp\/v2\/comments?post=129046"}],"version-history":[{"count":0,"href":"https:\/\/www.wacoca.com\/life\/wp-json\/wp\/v2\/posts\/129046\/revisions"}],"wp:featuredmedia":[{"embeddable":true,"href":"https:\/\/www.wacoca.com\/life\/wp-json\/wp\/v2\/media\/129047"}],"wp:attachment":[{"href":"https:\/\/www.wacoca.com\/life\/wp-json\/wp\/v2\/media?parent=129046"}],"wp:term":[{"taxonomy":"category","embeddable":true,"href":"https:\/\/www.wacoca.com\/life\/wp-json\/wp\/v2\/categories?post=129046"},{"taxonomy":"post_tag","embeddable":true,"href":"https:\/\/www.wacoca.com\/life\/wp-json\/wp\/v2\/tags?post=129046"}],"curies":[{"name":"wp","href":"https:\/\/api.w.org\/{rel}","templated":true}]}}