{"id":11230,"date":"2021-11-03T12:00:13","date_gmt":"2021-11-03T12:00:13","guid":{"rendered":"https:\/\/www.wacoca.com\/life\/11230\/"},"modified":"2021-11-03T12:00:13","modified_gmt":"2021-11-03T12:00:13","slug":"karnabahari-bu-tariflerle-yapan-asla-pisman-olmaz-ayin-malzemesi-karnabahar-karnabahar-tarifleri","status":"publish","type":"post","link":"https:\/\/www.wacoca.com\/life\/11230\/","title":{"rendered":"Karnabahar\u0131 Bu Tariflerle Yapan Asla Pi\u015fman Olmaz! Ay\u0131n Malzemesi: KARNABAHAR! Karnabahar Tarifleri"},"content":{"rendered":"<p><iframe loading=\"lazy\"  width=\"580\" height=\"385\" src=\"https:\/\/www.youtube.com\/embed\/CdIcB3QVs2A\" frameborder=\"0\" allowfullscreen><\/iframe><br \/>\n<br \/>\nAy\u0131n malzemesi serimizin bu yeni b\u00f6l\u00fcm\u00fcnde konu\u011fumuz sezonun en k\u0131ymetli sebzesi karnabahar!<\/p>\n<p>Yeri geliyor f\u0131r\u0131na at\u0131yoruz, yeri geliyor ha\u015fl\u0131yoruz, etli yeme\u011fini eksik etmiyor, k\u0131zartmas\u0131n\u0131n tad\u0131n\u0131 \u00e7\u0131kar\u0131yor hatta tur\u015fusunu bile kuruyoruz. Bu harika sebzenin faydalar\u0131n\u0131 saymaya kalksak videoyu izlemeye ancak yar\u0131n ge\u00e7ersiniz o y\u00fczden biz direkt lezzetine odaklan\u0131yoruz. \ud83d\ude42<\/p>\n<p>Ferhat \u015eef&#8217;in daha \u00f6nce hi\u00e7 denemedi\u011finiz tarifleri e\u015fli\u011finde, karnabahar sevenlerle &#8220;Bir t\u00fcrl\u00fc sevemiyorum!&#8221; diyenleri tek videoda bulu\u015fturuyoruz. Karnabaharl\u0131 ragu soslu makarnayla ba\u015fl\u0131yoruz, yo\u011furtlu karnabahar dip ve zeytinli \u00e7\u0131t\u0131r, karnabahar risotto ve son olarak efsane bir karnabahar suflesiyle bu karnabahar festivalinin finalini yap\u0131yoruz.<\/p>\n<p>Haydi mutfakta bulu\u015fal\u0131m!<\/p>\n<p>Tarifler:<\/p>\n<p>Karnabaharl\u0131 Ragu Soslu Makarna<\/p>\n<p>Malzemeler<br \/>\n1\/2 adet orta boy karnabahar<br \/>\n1\/2 paket kalem makarna<br \/>\n8 adet istiridye mantar\u0131<br \/>\n5 yemek ka\u015f\u0131\u011f\u0131 zeytinya\u011f\u0131<br \/>\n1 adet orta boy so\u011fan<br \/>\n3 di\u015f sar\u0131msak<br \/>\n1 tutam yenibahar<br \/>\n1 \u00e7ay ka\u015f\u0131\u011f\u0131 toz k\u0131rm\u0131z\u0131 biber<br \/>\n1 tutam kimyon<br \/>\n1 adet k\u0131rm\u0131z\u0131 biber<br \/>\n1 \u00e7ay ka\u015f\u0131\u011f\u0131 toz \u015feker<br \/>\n1 yemek ka\u015f\u0131\u011f\u0131 domates sal\u00e7as\u0131<br \/>\n1 \u00e7ay ka\u015f\u0131\u011f\u0131 tuz<br \/>\n1 tutam karabiber<br \/>\n2 yemek ka\u015f\u0131\u011f\u0131 rendelenmi\u015f parmesan peyniri (\u00fczeri i\u00e7in)<br \/>\n1 tutam maydanoz (\u00fczeri i\u00e7in)<\/p>\n<p>Yaz\u0131l\u0131 Tarif \u0130\u00e7in: https:\/\/yemek.com\/tarif\/karnabaharli-ragu-soslu-makarna<\/p>\n<p>Yo\u011furtlu Karnabahar Dip ve Zeytinli \u00c7\u0131t\u0131r<\/p>\n<p>Malzemeler<br \/>\nDip sos i\u00e7in:<br \/>\n1\/2 adet orta boy karnabahar<br \/>\n1 tutam tuz<br \/>\n1 tutam karabiber<br \/>\n1 tutam kimyon<br \/>\n1 tutam toz k\u0131rm\u0131z\u0131 biber<br \/>\n1 di\u015f sar\u0131msak<br \/>\n1\/2 adet limonun suyu<br \/>\n3 yemek ka\u015f\u0131\u011f\u0131 yo\u011furt<br \/>\n1 adet limon kabu\u011fu rendesi<br \/>\n3 yemek ka\u015f\u0131\u011f\u0131 zeytinya\u011f\u0131<\/p>\n<p>Zeytinli \u00e7\u0131t\u0131r i\u00e7in:<br \/>\n1 adet yufka<br \/>\n5 yemek ka\u015f\u0131\u011f\u0131 zeytinya\u011f\u0131<br \/>\n3 yemek ka\u015f\u0131\u011f\u0131 zeytin ezmesi<br \/>\n1 tutam kekik<\/p>\n<p>Yaz\u0131l\u0131 Tarif i\u00e7in: https:\/\/yemek.com\/tarif\/yogurtlu-karnabahar-dip-ve-zeytinli-citir<\/p>\n<p>Karnabahar Risotto<\/p>\n<p>Malzemeler<br \/>\nRisotto i\u00e7in:<br \/>\n1 adet orta boy karnabahar<br \/>\n4 tatl\u0131 ka\u015f\u0131\u011f\u0131 tereya\u011f\u0131<br \/>\n1 adet kuru so\u011fan<br \/>\n2 di\u015f sar\u0131msak<br \/>\n2 yemek ka\u015f\u0131\u011f\u0131 karnabahar yapra\u011f\u0131<br \/>\n1\/2 adet havu\u00e7<br \/>\n2 yemek ka\u015f\u0131\u011f\u0131 brokoli<br \/>\n1,5 su barda\u011f\u0131 sebze suyu<br \/>\n1 \u00e7ay ka\u015f\u0131\u011f\u0131 tuz<br \/>\n1 tutam karabiber<br \/>\n1\/2 su barda\u011f\u0131 krema<br \/>\n1 yemek ka\u015f\u0131\u011f\u0131 cheddar peyniri<br \/>\nSunum i\u00e7in:<br \/>\n1\/2 adet limonun kabu\u011fu (rendelenmi\u015f)<br \/>\n1 tutam taze \u00e7ekilmi\u015f karabiber<br \/>\n1 yemek ka\u015f\u0131\u011f\u0131 zeytinya\u011f<\/p>\n<p>Yaz\u0131l\u0131 Tarif \u0130\u00e7in: https:\/\/yemek.com\/tarif\/karnabahar-risotto<\/p>\n<p>Karnabahar Sufle<\/p>\n<p>Malzemeler<br \/>\n1,5 su barda\u011f\u0131 s\u00fct<br \/>\n1 di\u015f sar\u0131msak<br \/>\n1\/2 adet orta boy karnabahar<br \/>\n2 tatl\u0131 ka\u015f\u0131\u011f\u0131 tereya\u011f\u0131<br \/>\n1 tatl\u0131 ka\u015f\u0131\u011f\u0131 un (tepeleme)<br \/>\n1 tutam tuz<br \/>\n1 tutam rendelenmi\u015f muskat cevizi<br \/>\n1 tutam karabiber<br \/>\n1 yemek ka\u015f\u0131\u011f\u0131 ke\u00e7i peyniri<br \/>\n3 adet yumurta sar\u0131s\u0131<br \/>\n2 yemek ka\u015f\u0131\u011f\u0131 rendelenmi\u015f ka\u015far peyniri<\/p>\n<p>Yaz\u0131l\u0131 Tarif \u0130\u00e7in: https:\/\/yemek.com\/tarif\/karnabahar-sufle\/<\/p>\n<p>Bilmenizde fayda var:<br \/>\n1-) T\u00fcm tariflerimizdeki su barda\u011f\u0131 \u00f6l\u00e7\u00fclerini 200 ml&#8217;lik standart su barda\u011f\u0131 \u00fczerinden vermekteyiz.<br \/>\n2-) F\u0131r\u0131n kulland\u0131\u011f\u0131m\u0131z t\u00fcm tarif videolar\u0131m\u0131zda \u015feflerimiz aksini s\u00f6zl\u00fc olarak belirtmedik\u00e7e f\u0131r\u0131n\u0131m\u0131z hep FANLI ALT\/\u00dcST ayardad\u0131r.<\/p>\n<p>Yemek.com&#8217;un yeni videolar\u0131ndan hemen haberdar olmak i\u00e7in abone olun: http:\/\/bit.ly\/1MH0ZfU<\/p>\n<p>Sitemizi ziyaret edin: http:\/\/www.yemek.com<\/p>\n<p>Yasemin \u015eef&#8217;in t\u00fcm tariflerine ula\u015fmak i\u00e7in: https:\/\/yemek.com\/profil\/yasemingursurer\/<\/p>\n<p>Ferhat \u015eef&#8217;in t\u00fcm tariflerine ula\u015fmak i\u00e7in: https:\/\/yemek.com\/profil\/ferhatbora\/ <\/p>\n<p>SOSYAL MEDYA HESAPLARIMIZ<br \/>\n\u2022 Instagram: http:\/\/www.instagram.com\/yemekcom<br \/>\n\u2022 Facebook: http:\/\/www.facebook.com\/yemekcomm<br \/>\n\u2022 Twitter: http:\/\/www.twitter.com\/yemekcom<br \/>\n\u2022 Tiktok: https:\/\/www.tiktok.com\/@yemek.com<\/p>\n<p>Mutfak sponsorumuz Vestel&#8217;in Yemek.com mutfa\u011f\u0131nda kullan\u0131lan \u00fcr\u00fcnlerine ula\u015fmak i\u00e7in:<\/p>\n<p>\u2022 Vestel Buzdolab\u0131: https:\/\/bit.ly\/37job4E<\/p>\n<p>\u2022 Vestel Ankastre Bula\u015f\u0131k Makinas\u0131: https:\/\/bit.ly\/37sqO4s<\/p>\n<p>\u2022 Vestel Ankastre Ocak: http:\/\/bit.ly\/2jwAcLK<\/p>\n<p>\u2022 Vestel Ankastre F\u0131r\u0131n: https:\/\/bit.ly\/37lq4Ok<\/p>\n<p>\u2022 Vestel Mikrodalga F\u0131r\u0131n: https:\/\/bit.ly\/2AqZM11<\/p>\n<p>\u2022 Vestel Sade T\u00fcrk Kahvesi Makinesi: https:\/\/bit.ly\/2Q9MfiA<\/p>\n<p>\u2022 Vestel Taze Kahve Makinesi: https:\/\/bit.ly\/2XRUzZa<\/p>\n<p>Yemek.com&#8217;un yeni st\u00fcdyosunun rengarenk duvar resmine hayat veren ekip \ud83d\udc49  https:\/\/www.instagram.com\/boya.banada\/<\/p>\n<p>B\u00f6l\u00fcmler<br \/>\n00:00 Giri\u015f<br \/>\n01:08 Uyumlu Lezzet Profilleri (Food Pairing)<br \/>\n03:05 Nas\u0131l Se\u00e7ilir ve Nas\u0131l Temizlenir?<br \/>\n04:43 Karnabaharl\u0131 Ragu Soslu Makarna<br \/>\n09:34 Yo\u011furtlu Karnabahar Dip ve Zeytinli \u00c7\u0131t\u0131r<br \/>\n14:01 Karnabahar Risotto<br \/>\n19:07 Karnabahar Suflesi<\/p>\n<p>#kas\u0131m #ay\u0131n #malzemesi<\/p>\n","protected":false},"excerpt":{"rendered":"<p>Ay\u0131n malzemesi serimizin bu yeni b\u00f6l\u00fcm\u00fcnde konu\u011fumuz sezonun en k\u0131ymetli sebzesi karnabahar! Yeri geliyor f\u0131r\u0131<\/p>\n","protected":false},"author":2,"featured_media":11231,"comment_status":"open","ping_status":"","sticky":false,"template":"","format":"standard","meta":{"footnotes":"","_share_on_mastodon":"0"},"categories":[10],"tags":[22130,22139,22146,22132,22137,22147,22144,22135,2037,22127,22133,22136,22141,22149,22143,22142,22148,22150,22129,22126,22138,22125,22131,22145,22124,22140,22134,22121,22128,22123,22122,3091],"class_list":{"0":"post-11230","1":"post","2":"type-post","3":"status-publish","4":"format-standard","5":"has-post-thumbnail","7":"category-hand-care","8":"tag-yemektarifleri","9":"tag-ana-yemek-tarifleri","10":"tag-ayin-malzemesi","11":"tag-basit-yemek-tarifleri","12":"tag-cat-kapi","13":"tag-cauliflower","14":"tag-farkli-karnabahar-tarifi","15":"tag-ferhat-sef","16":"tag-hand-cream","17":"tag-hizli","18":"tag-hizli-yemek-tarifleri","19":"tag-kaca-olsa-yersin","20":"tag-karnabahar","21":"tag-karnabahar-tarifi","22":"tag-karnabaharli-farkli-tarifler","23":"tag-karnabaharli-tarifler","24":"tag-karnibahar","25":"tag-karnibahar-tarifi","26":"tag-kolay-yemek-tarifleri","27":"tag-mutfak","28":"tag-nasil-yapilir","29":"tag-pratik","30":"tag-pratik-yemek-tarifleri","31":"tag-sebze-yemekleri","32":"tag-tarif","33":"tag-tatli-tarifleri","34":"tag-yasemin-sef","35":"tag-yemek","36":"tag-yemek-tarifleri","37":"tag-yemek-com","38":"tag-yemekcom","39":"tag-3091"},"share_on_mastodon":{"url":"","error":""},"_links":{"self":[{"href":"https:\/\/www.wacoca.com\/life\/wp-json\/wp\/v2\/posts\/11230","targetHints":{"allow":["GET"]}}],"collection":[{"href":"https:\/\/www.wacoca.com\/life\/wp-json\/wp\/v2\/posts"}],"about":[{"href":"https:\/\/www.wacoca.com\/life\/wp-json\/wp\/v2\/types\/post"}],"author":[{"embeddable":true,"href":"https:\/\/www.wacoca.com\/life\/wp-json\/wp\/v2\/users\/2"}],"replies":[{"embeddable":true,"href":"https:\/\/www.wacoca.com\/life\/wp-json\/wp\/v2\/comments?post=11230"}],"version-history":[{"count":0,"href":"https:\/\/www.wacoca.com\/life\/wp-json\/wp\/v2\/posts\/11230\/revisions"}],"wp:featuredmedia":[{"embeddable":true,"href":"https:\/\/www.wacoca.com\/life\/wp-json\/wp\/v2\/media\/11231"}],"wp:attachment":[{"href":"https:\/\/www.wacoca.com\/life\/wp-json\/wp\/v2\/media?parent=11230"}],"wp:term":[{"taxonomy":"category","embeddable":true,"href":"https:\/\/www.wacoca.com\/life\/wp-json\/wp\/v2\/categories?post=11230"},{"taxonomy":"post_tag","embeddable":true,"href":"https:\/\/www.wacoca.com\/life\/wp-json\/wp\/v2\/tags?post=11230"}],"curies":[{"name":"wp","href":"https:\/\/api.w.org\/{rel}","templated":true}]}}