{"id":614002,"date":"2016-06-08T14:18:48","date_gmt":"2016-06-08T14:18:48","guid":{"rendered":"https:\/\/www.wacoca.com\/anime\/614002\/"},"modified":"2016-06-08T14:18:48","modified_gmt":"2016-06-08T14:18:48","slug":"the-platters-the-great-pretender-nuno-resende-the-voice-france-2013-finale","status":"publish","type":"post","link":"https:\/\/www.wacoca.com\/anime\/614002\/","title":{"rendered":"The Platters \u2013 The Great Pretender | Nuno Resende | The Voice France 2013 | Finale"},"content":{"rendered":"<p><iframe loading=\"lazy\"  width=\"580\" height=\"385\" src=\"https:\/\/www.youtube.com\/embed\/zDUlEP83P44\" frameborder=\"0\" allowfullscreen><\/iframe><br \/>\n<br \/>\nPour la grande finale, Nuno Resende, talent de la team Florent Pagny, reprend \u00abThe Great Pretender\u00bb de The Platters. A l&#8217;issue de ce show, Nuno Resende remporte 25% des voix et termine troisi\u00e8me de cette saison 2.<\/p>\n<p>\ud83c\udfa4 D\u00e9couvrez les covers exclusives des talents : http:\/\/bit.ly\/TheVoice_100inedits<br \/>\n\ud83c\udfa4 Abonnez-vous \u00e0 la cha\u00eene : http:\/\/bit.ly\/1OdKCbY<br \/>\n\ud83c\udfa4 Revoir toutes les performances de la saison : http:\/\/bit.ly\/TheVoiceFS2<\/p>\n<p>The Voice : La Plus Belle Voix est une \u00e9mission de t\u00e9l\u00e9vision fran\u00e7aise de t\u00e9l\u00e9-crochet musical diffus\u00e9e sur TF1. Des chanteurs exp\u00e9riment\u00e9s ou novices tentent de s\u00e9duire le public et les 4 coachs, Florent Pagny, Louis Bertignac, Garou et Jenifer lors d\u2019auditions \u00e0 l\u2019aveugle, de battle et de primes. Pr\u00e9sent\u00e9e par Nikos Aliagas et Karine Ferri, la saison 2 de The Voice a \u00e9t\u00e9 diffus\u00e9e du 2 f\u00e9vrier 2013 au 18 mai 2013.<\/p>\n","protected":false},"excerpt":{"rendered":"<p>Pour la grande finale, Nuno Resende, talent de la team Florent Pagny, reprend \u00abThe Great Pretender\u00bb de The Pla<\/p>\n","protected":false},"author":4,"featured_media":614003,"comment_status":"","ping_status":"","sticky":false,"template":"","format":"standard","meta":{"footnotes":"","_share_on_mastodon":"0"},"categories":[2],"tags":[3012,445402,445401,445412,119042,2434,445414,445411,445413,445410,445400,445403,2445,5488,209705,445405,445404,445415,445409,445407,445408,445406,445416,445417],"class_list":{"0":"post-614002","1":"post","2":"type-post","3":"status-publish","4":"format-standard","5":"has-post-thumbnail","7":"category-japanese-anime","8":"tag-cover","9":"tag-cover-the-great-pretender","10":"tag-cover-the-platters","11":"tag-florent-pagny","12":"tag-garou","13":"tag-great-pretender","14":"tag-jenifer","15":"tag-karine-ferri","16":"tag-louis-bertignac","17":"tag-nikos-aliagas","18":"tag-nuno-resende","19":"tag-tf1","20":"tag-the-great-pretender","21":"tag-the-platters","22":"tag-the-voice","23":"tag-the-voice-2013","24":"tag-the-voice-france","25":"tag-the-voice-france-2","26":"tag-the-voice-france-2013","27":"tag-the-voice-france-saison-2","28":"tag-the-voice-la-plus-belle-voix","29":"tag-the-voice-saison-2","30":"tag-the-voice-tf1","31":"tag-tvlpbv"},"share_on_mastodon":{"url":"","error":""},"_links":{"self":[{"href":"https:\/\/www.wacoca.com\/anime\/wp-json\/wp\/v2\/posts\/614002","targetHints":{"allow":["GET"]}}],"collection":[{"href":"https:\/\/www.wacoca.com\/anime\/wp-json\/wp\/v2\/posts"}],"about":[{"href":"https:\/\/www.wacoca.com\/anime\/wp-json\/wp\/v2\/types\/post"}],"author":[{"embeddable":true,"href":"https:\/\/www.wacoca.com\/anime\/wp-json\/wp\/v2\/users\/4"}],"replies":[{"embeddable":true,"href":"https:\/\/www.wacoca.com\/anime\/wp-json\/wp\/v2\/comments?post=614002"}],"version-history":[{"count":0,"href":"https:\/\/www.wacoca.com\/anime\/wp-json\/wp\/v2\/posts\/614002\/revisions"}],"wp:featuredmedia":[{"embeddable":true,"href":"https:\/\/www.wacoca.com\/anime\/wp-json\/wp\/v2\/media\/614003"}],"wp:attachment":[{"href":"https:\/\/www.wacoca.com\/anime\/wp-json\/wp\/v2\/media?parent=614002"}],"wp:term":[{"taxonomy":"category","embeddable":true,"href":"https:\/\/www.wacoca.com\/anime\/wp-json\/wp\/v2\/categories?post=614002"},{"taxonomy":"post_tag","embeddable":true,"href":"https:\/\/www.wacoca.com\/anime\/wp-json\/wp\/v2\/tags?post=614002"}],"curies":[{"name":"wp","href":"https:\/\/api.w.org\/{rel}","templated":true}]}}