{"id":579840,"date":"2020-01-27T23:30:00","date_gmt":"2020-01-27T23:30:00","guid":{"rendered":"https:\/\/www.wacoca.com\/anime\/579840\/"},"modified":"2020-01-27T23:30:00","modified_gmt":"2020-01-27T23:30:00","slug":"ela-ficou-7-anos-sem-tomar-banho-e-isso-aconteceu","status":"publish","type":"post","link":"https:\/\/www.wacoca.com\/anime\/579840\/","title":{"rendered":"Ela ficou 7 anos sem tomar BANHO, e isso ACONTECEU.."},"content":{"rendered":"<p><iframe loading=\"lazy\"  width=\"580\" height=\"385\" src=\"https:\/\/www.youtube.com\/embed\/ifYdwFApegQ\" frameborder=\"0\" allowfullscreen><\/iframe><br \/>\n<br \/>\nHoje Pokey mostra pessoas que ficaram anos sem fazer coisas b\u00e1sicas do dia a dia, por exemplo, anos sem tomar banho, anos sem dormir, dias sem comer e etc.. *Todas miniaturas dos v\u00eddeos s\u00e3o totalmente ilustra\u00e7\u00f5es, podendo n\u00e3o estar presente no conte\u00fado do v\u00eddeo*<br \/>\nCaso tenha algum problema, ou voc\u00ea seja dono da propriedade intelectual entre em contato via e-mail pedindo a remo\u00e7\u00e3o: contatopokey@hotmail.com<\/p>\n","protected":false},"excerpt":{"rendered":"<p>Hoje Pokey mostra pessoas que ficaram anos sem fazer coisas b\u00e1sicas do dia a dia, por exemplo, anos sem tomar <\/p>\n","protected":false},"author":4,"featured_media":579841,"comment_status":"","ping_status":"","sticky":false,"template":"","format":"standard","meta":{"footnotes":"","_share_on_mastodon":"0"},"categories":[2],"tags":[427057,427048,427045,427062,427046,427052,427050,427051,427054,427060,128686,427061,40285,427049,427053,427058,427043,427044,427059,427056,427055,4243,427047],"class_list":{"0":"post-579840","1":"post","2":"type-post","3":"status-publish","4":"format-standard","5":"has-post-thumbnail","7":"category-japanese-anime","8":"tag-48-horas-sem-comer","9":"tag-5-curiosidades","10":"tag-anos-sem-tomar-banho","11":"tag-contos-verdadeiros","12":"tag-dias-sem-comer","13":"tag-dias-sem-tomar-banho","14":"tag-ela-ficou-10-anos-sem-tomar-banho","15":"tag-ela-ficou-7-anos-sem-tomar-banho","16":"tag-ficou-anos-sem-fazer-algo","17":"tag-historia-verdadeira","18":"tag-historias-reais","19":"tag-historias-veridicas","20":"tag-levius-","21":"tag-listas-top","22":"tag-pessoas-bizarras","23":"tag-pessoas-curiosas","24":"tag-pokey","25":"tag-pokey-curiosidades","26":"tag-primeiros-socorros","27":"tag-sem-comer-por-10-dias","28":"tag-sem-dormir-por-anos","29":"tag-top-10","30":"tag-videos-curiosidades"},"share_on_mastodon":{"url":"","error":""},"_links":{"self":[{"href":"https:\/\/www.wacoca.com\/anime\/wp-json\/wp\/v2\/posts\/579840","targetHints":{"allow":["GET"]}}],"collection":[{"href":"https:\/\/www.wacoca.com\/anime\/wp-json\/wp\/v2\/posts"}],"about":[{"href":"https:\/\/www.wacoca.com\/anime\/wp-json\/wp\/v2\/types\/post"}],"author":[{"embeddable":true,"href":"https:\/\/www.wacoca.com\/anime\/wp-json\/wp\/v2\/users\/4"}],"replies":[{"embeddable":true,"href":"https:\/\/www.wacoca.com\/anime\/wp-json\/wp\/v2\/comments?post=579840"}],"version-history":[{"count":0,"href":"https:\/\/www.wacoca.com\/anime\/wp-json\/wp\/v2\/posts\/579840\/revisions"}],"wp:featuredmedia":[{"embeddable":true,"href":"https:\/\/www.wacoca.com\/anime\/wp-json\/wp\/v2\/media\/579841"}],"wp:attachment":[{"href":"https:\/\/www.wacoca.com\/anime\/wp-json\/wp\/v2\/media?parent=579840"}],"wp:term":[{"taxonomy":"category","embeddable":true,"href":"https:\/\/www.wacoca.com\/anime\/wp-json\/wp\/v2\/categories?post=579840"},{"taxonomy":"post_tag","embeddable":true,"href":"https:\/\/www.wacoca.com\/anime\/wp-json\/wp\/v2\/tags?post=579840"}],"curies":[{"name":"wp","href":"https:\/\/api.w.org\/{rel}","templated":true}]}}