{"id":553084,"date":"2022-03-02T17:30:14","date_gmt":"2022-03-02T17:30:14","guid":{"rendered":"https:\/\/www.wacoca.com\/anime\/553084\/"},"modified":"2022-03-02T17:30:14","modified_gmt":"2022-03-02T17:30:14","slug":"esse-arco-de-edens-zero-me-surpreendeu","status":"publish","type":"post","link":"https:\/\/www.wacoca.com\/anime\/553084\/","title":{"rendered":"Esse Arco de EDENS ZERO me Surpreendeu"},"content":{"rendered":"<p><iframe loading=\"lazy\"  width=\"580\" height=\"385\" src=\"https:\/\/www.youtube.com\/embed\/OScSZDB8_Yg\" frameborder=\"0\" allowfullscreen><\/iframe><br \/>\n<br \/>\nBem vindo ao Canal Mangalatico, meu nome \u00e9 Davi e estou aqui pra trazer conte\u00fados de animes pra vcs como: curisidades, teorias, reviews, minha opini\u00e3o sobre algumas coisas. To aqui pra ser seu amigo, ent\u00e3o seu coment\u00e1rio \u00e9 muito importante e seu like tbm meu consagrado.<\/p>\n<p>\u2b55Meu Instagram: @davi_bm99<\/p>\n<p>\u2b55Instagram do canal: @mangalatico_ofc<\/p>\n<p>Isen\u00e7\u00e3o de responsabilidade de direitos autorais de acordo com a se\u00e7\u00e3o 107 da Lei de Direitos Autorais de 1976, a permiss\u00e3o \u00e9 feita para &#8220;uso justo&#8221; para fins como cr\u00edtica, coment\u00e1rio, reportagem de not\u00edcias, ensino, bolsa de estudos, educa\u00e7\u00e3o e pesquisa.<\/p>\n<p>O uso justo \u00e9 um uso permitido pela lei de direitos autorais que, de outra forma, poderia ser uma viola\u00e7\u00e3o. <\/p>\n<p>O uso sem fins lucrativos, educacional ou pessoal inclina a balan\u00e7a a favor do uso justo.<\/p>\n<p>&#8212;&#8212;&#8212;&#8212;&#8211;Tags&#8212;&#8212;&#8212;&#8211;<br \/>\n#anime #edenszero #mang\u00e1s<\/p>\n","protected":false},"excerpt":{"rendered":"<p>Bem vindo ao Canal Mangalatico, meu nome \u00e9 Davi e estou aqui pra trazer conte\u00fados de animes pra vcs como: curi<\/p>\n","protected":false},"author":4,"featured_media":553085,"comment_status":"","ping_status":"","sticky":false,"template":"","format":"standard","meta":{"footnotes":"","_share_on_mastodon":"0"},"categories":[2],"tags":[412861,40738,2281,412863,412862],"class_list":{"0":"post-553084","1":"post","2":"type-post","3":"status-publish","4":"format-standard","5":"has-post-thumbnail","7":"category-japanese-anime","8":"tag-anime-edenszero-mangas","9":"tag-edens-zero","10":"tag-fairy-tail","11":"tag-natsu-e-lucy","12":"tag-shiki-e-rebeca"},"share_on_mastodon":{"url":"","error":""},"_links":{"self":[{"href":"https:\/\/www.wacoca.com\/anime\/wp-json\/wp\/v2\/posts\/553084","targetHints":{"allow":["GET"]}}],"collection":[{"href":"https:\/\/www.wacoca.com\/anime\/wp-json\/wp\/v2\/posts"}],"about":[{"href":"https:\/\/www.wacoca.com\/anime\/wp-json\/wp\/v2\/types\/post"}],"author":[{"embeddable":true,"href":"https:\/\/www.wacoca.com\/anime\/wp-json\/wp\/v2\/users\/4"}],"replies":[{"embeddable":true,"href":"https:\/\/www.wacoca.com\/anime\/wp-json\/wp\/v2\/comments?post=553084"}],"version-history":[{"count":0,"href":"https:\/\/www.wacoca.com\/anime\/wp-json\/wp\/v2\/posts\/553084\/revisions"}],"wp:featuredmedia":[{"embeddable":true,"href":"https:\/\/www.wacoca.com\/anime\/wp-json\/wp\/v2\/media\/553085"}],"wp:attachment":[{"href":"https:\/\/www.wacoca.com\/anime\/wp-json\/wp\/v2\/media?parent=553084"}],"wp:term":[{"taxonomy":"category","embeddable":true,"href":"https:\/\/www.wacoca.com\/anime\/wp-json\/wp\/v2\/categories?post=553084"},{"taxonomy":"post_tag","embeddable":true,"href":"https:\/\/www.wacoca.com\/anime\/wp-json\/wp\/v2\/tags?post=553084"}],"curies":[{"name":"wp","href":"https:\/\/api.w.org\/{rel}","templated":true}]}}