{"id":300546,"date":"2021-05-07T10:44:30","date_gmt":"2021-05-07T10:44:30","guid":{"rendered":"https:\/\/www.wacoca.com\/anime\/300546\/"},"modified":"2021-05-07T10:44:30","modified_gmt":"2021-05-07T10:44:30","slug":"red-garden-kirmizi-bahce-fragman","status":"publish","type":"post","link":"https:\/\/www.wacoca.com\/anime\/300546\/","title":{"rendered":"Red Garden (K\u0131rm\u0131z\u0131 Bah\u00e7e) | Fragman"},"content":{"rendered":"<p><iframe loading=\"lazy\"  width=\"580\" height=\"385\" src=\"https:\/\/www.youtube.com\/embed\/EgKQ8MMLDWE\" frameborder=\"0\" allowfullscreen><\/iframe><br \/>\n<br \/>\nY\u00f6netmenli\u011fini Mirbala Salimli\u2019nin \u00fcstlendi\u011fi Azerbaycan yap\u0131m\u0131 \u201cRed Garden\u201d (K\u0131rm\u0131z\u0131 Bah\u00e7e), 13 May\u0131s Per\u015fembe 21.00\u2019de TV\u2019de ilk kez TRT 2\u2019de. \ud83c\udf33<br \/>\n#redgarden #k\u0131rm\u0131z\u0131bah\u00e7e #mirbalasalimli<\/p>\n<p>TRT 2 YouTube kanal\u0131na abone olmak i\u00e7in: http:\/\/bit.ly\/TRT2Youtube<\/p>\n<p>T\u00fcm b\u00f6l\u00fcmler, k\u00fclt\u00fcr sanat i\u00e7erikleri ve daha fazlas\u0131 i\u00e7in takipte kal\u0131n!<br \/>\nhttps:\/\/www.trt2.com.tr<br \/>\nhttps:\/\/www.youtube.com\/trt2<br \/>\nhttps:\/\/www.instagram.com\/trt2<br \/>\n<a class=\"twitter-timeline\" data-width=\"770\" data-height=\"1000\" data-dnt=\"true\" href=\"https:\/\/twitter.com\/trt2tv?ref_src=twsrc%5Etfw\" rel=\"nofollow noopener\" target=\"_blank\">Tweets by trt2tv<\/a><script async src=\"https:\/\/platform.twitter.com\/widgets.js\" charset=\"utf-8\"><\/script><br \/>\nhttps:\/\/www.facebook.com\/trt2<\/p>\n","protected":false},"excerpt":{"rendered":"<p>Y\u00f6netmenli\u011fini Mirbala Salimli\u2019nin \u00fcstlendi\u011fi Azerbaycan yap\u0131m\u0131 \u201cRed Garden\u201d (K\u0131rm\u0131z\u0131 Bah\u00e7e), 13 May\u0131s Per\u015femb<\/p>\n","protected":false},"author":4,"featured_media":300547,"comment_status":"","ping_status":"","sticky":false,"template":"","format":"standard","meta":{"footnotes":"","_share_on_mastodon":"0"},"categories":[2],"tags":[263574,263575,263572,38986,263573,263569,263571,263568,263570],"class_list":{"0":"post-300546","1":"post","2":"type-post","3":"status-publish","4":"format-standard","5":"has-post-thumbnail","7":"category-japanese-anime","8":"tag-edebiyat","9":"tag-felsefe","10":"tag-kultur","11":"tag-red-garden","12":"tag-sanat","13":"tag-trt-2","14":"tag-trt-2-canli-izle","15":"tag-trt2","16":"tag-trt2-canli"},"share_on_mastodon":{"url":"","error":""},"_links":{"self":[{"href":"https:\/\/www.wacoca.com\/anime\/wp-json\/wp\/v2\/posts\/300546","targetHints":{"allow":["GET"]}}],"collection":[{"href":"https:\/\/www.wacoca.com\/anime\/wp-json\/wp\/v2\/posts"}],"about":[{"href":"https:\/\/www.wacoca.com\/anime\/wp-json\/wp\/v2\/types\/post"}],"author":[{"embeddable":true,"href":"https:\/\/www.wacoca.com\/anime\/wp-json\/wp\/v2\/users\/4"}],"replies":[{"embeddable":true,"href":"https:\/\/www.wacoca.com\/anime\/wp-json\/wp\/v2\/comments?post=300546"}],"version-history":[{"count":0,"href":"https:\/\/www.wacoca.com\/anime\/wp-json\/wp\/v2\/posts\/300546\/revisions"}],"wp:featuredmedia":[{"embeddable":true,"href":"https:\/\/www.wacoca.com\/anime\/wp-json\/wp\/v2\/media\/300547"}],"wp:attachment":[{"href":"https:\/\/www.wacoca.com\/anime\/wp-json\/wp\/v2\/media?parent=300546"}],"wp:term":[{"taxonomy":"category","embeddable":true,"href":"https:\/\/www.wacoca.com\/anime\/wp-json\/wp\/v2\/categories?post=300546"},{"taxonomy":"post_tag","embeddable":true,"href":"https:\/\/www.wacoca.com\/anime\/wp-json\/wp\/v2\/tags?post=300546"}],"curies":[{"name":"wp","href":"https:\/\/api.w.org\/{rel}","templated":true}]}}