{"id":1259701,"date":"2019-12-21T17:31:56","date_gmt":"2019-12-21T17:31:56","guid":{"rendered":"https:\/\/www.wacoca.com\/anime\/1259701\/"},"modified":"2019-12-21T17:31:56","modified_gmt":"2019-12-21T17:31:56","slug":"3-temporada-de-granblue-fantasy-the-animation-season-3","status":"publish","type":"post","link":"https:\/\/www.wacoca.com\/anime\/1259701\/","title":{"rendered":"3 TEMPORADA DE GRANBLUE FANTASY THE ANIMATION? | SEASON 3"},"content":{"rendered":"<p><iframe loading=\"lazy\"  width=\"580\" height=\"385\" src=\"https:\/\/www.youtube.com\/embed\/gQV87v57VxY\" frameborder=\"0\" allowfullscreen><\/iframe><br \/>\n<br \/>\nGranblue Fantasy The Animation vai ter 3 temporada?. Nesse video eu comento as chances de 3 temporada de Granblue Fantasy The Animation.<\/p>\n<p>Site do Chronos Animes: http:\/\/www.chronosanimes.blogspot.com<\/p>\n<p>Anuncie no Chronos Animes<br \/>\ncontato: contatocostaa@outlook.com<\/p>\n<p>M\u00fasica de Fundo: Overlord Opening Full instrumental<\/p>\n<p>Ajude com o crescimento do canal, o seu LIKE ajuda na divulga\u00e7\u00e3o dos videos, sua inscri\u00e7\u00e3o no canal al\u00e9m dos likes me motiva a fazer mais e mais videos com frequencia.<\/p>\n","protected":false},"excerpt":{"rendered":"<p>Granblue Fantasy The Animation vai ter 3 temporada?. Nesse video eu comento as chances de 3 temporada de Granb<\/p>\n","protected":false},"author":4,"featured_media":1259702,"comment_status":"open","ping_status":"","sticky":false,"template":"","format":"standard","meta":{"footnotes":"","_share_on_mastodon":"0"},"categories":[2],"tags":[741343,741340,741341,741344,741345,38233,741338,741342,741337,741339],"class_list":{"0":"post-1259701","1":"post","2":"type-post","3":"status-publish","4":"format-standard","5":"has-post-thumbnail","7":"category-japanese-anime","8":"tag-3-temporada-de-granblue-fantasy","9":"tag-chances-de-nova-temporada","10":"tag-granblue-fantasy-3-temporada","11":"tag-granblue-fantasy-temporada-3","12":"tag-granblue-fantasy-terceira-temporada","13":"tag-granblue-fantasy-the-animation","14":"tag-granblue-fantasy-the-animation-season-3","15":"tag-granblue-fantasy-the-animation-vai-ter-3a-temporada","16":"tag-terceira-temporada-de-granblue-fantasy","17":"tag-terceira-temporada-granblue-fantasy"},"share_on_mastodon":{"url":"","error":""},"_links":{"self":[{"href":"https:\/\/www.wacoca.com\/anime\/wp-json\/wp\/v2\/posts\/1259701","targetHints":{"allow":["GET"]}}],"collection":[{"href":"https:\/\/www.wacoca.com\/anime\/wp-json\/wp\/v2\/posts"}],"about":[{"href":"https:\/\/www.wacoca.com\/anime\/wp-json\/wp\/v2\/types\/post"}],"author":[{"embeddable":true,"href":"https:\/\/www.wacoca.com\/anime\/wp-json\/wp\/v2\/users\/4"}],"replies":[{"embeddable":true,"href":"https:\/\/www.wacoca.com\/anime\/wp-json\/wp\/v2\/comments?post=1259701"}],"version-history":[{"count":0,"href":"https:\/\/www.wacoca.com\/anime\/wp-json\/wp\/v2\/posts\/1259701\/revisions"}],"wp:featuredmedia":[{"embeddable":true,"href":"https:\/\/www.wacoca.com\/anime\/wp-json\/wp\/v2\/media\/1259702"}],"wp:attachment":[{"href":"https:\/\/www.wacoca.com\/anime\/wp-json\/wp\/v2\/media?parent=1259701"}],"wp:term":[{"taxonomy":"category","embeddable":true,"href":"https:\/\/www.wacoca.com\/anime\/wp-json\/wp\/v2\/categories?post=1259701"},{"taxonomy":"post_tag","embeddable":true,"href":"https:\/\/www.wacoca.com\/anime\/wp-json\/wp\/v2\/tags?post=1259701"}],"curies":[{"name":"wp","href":"https:\/\/api.w.org\/{rel}","templated":true}]}}