{"id":1085369,"date":"2021-07-08T01:16:19","date_gmt":"2021-07-08T01:16:19","guid":{"rendered":"https:\/\/www.wacoca.com\/anime\/1085369\/"},"modified":"2021-07-08T01:16:19","modified_gmt":"2021-07-08T01:16:19","slug":"tv-%e3%82%a2%e3%83%8b%e3%83%a1%e3%80%8c%e3%83%b4%e3%82%a3%e3%83%b3%e3%83%a9%e3%83%b3%e3%83%89%e3%82%b5%e3%82%ac%e3%80%8d-season2-%e5%88%b6%e4%bd%9c%e6%b1%ba%e5%ae%9a%e3%83%a0%e3%83%bc%e3%83%93-4","status":"publish","type":"post","link":"https:\/\/www.wacoca.com\/anime\/1085369\/","title":{"rendered":"TV \u30a2\u30cb\u30e1\u300c\u30f4\u30a3\u30f3\u30e9\u30f3\u30c9\u30b5\u30ac\u300d SEASON2 \u5236\u4f5c\u6c7a\u5b9a\u30e0\u30fc\u30d3\u30fc \/ \u300cVINLAND SAGA\u300dSEASON2 Being Produced Movie"},"content":{"rendered":"<p><iframe loading=\"lazy\"  width=\"580\" height=\"385\" src=\"https:\/\/www.youtube.com\/embed\/n3OX7B0TF7c\" frameborder=\"0\" allowfullscreen><\/iframe><br \/>\n<br \/>\n#anime<br \/>\nDurante um evento dedicado para a obra de Vinland Saga, foi anunciado que o anime ir\u00e1 receber uma 2\u00ba temporada. O anuncio contou com um teaser e um novo visual, al\u00e9m da confirma\u00e7\u00e3o de que a staff da 1\u00ba temporada retornar\u00e1. A nova temporada ainda n\u00e3o tem previs\u00e3o de estreia.<\/p>\n<p>Thorfinn \u00e9 o filho de um dos maiores guerreiros vikings, mas, quando seu pai \u00e9 morto em batalha pelo l\u00edder mercen\u00e1rio Askeladd, ele jura se vingar. Thorfinn ent\u00e3o se junta ao grupo de Askeladd para desafi\u00e1-lo a um duelo, mas acaba preso no meio de uma guerra pela coroa da Inglaterra.<\/p>\n","protected":false},"excerpt":{"rendered":"<p>#anime Durante um evento dedicado para a obra de Vinland Saga, foi anunciado que o anime ir\u00e1 receber uma 2\u00ba te<\/p>\n","protected":false},"author":4,"featured_media":1085370,"comment_status":"open","ping_status":"","sticky":false,"template":"","format":"standard","meta":{"footnotes":"","_share_on_mastodon":"0"},"categories":[593405],"tags":[2255,593666,667441,667440,667439,12191,25206,246936,597449,2993,119866,5942,12178,2257,685],"class_list":{"0":"post-1085369","1":"post","2":"type-post","3":"status-publish","4":"format-standard","5":"has-post-thumbnail","7":"category-2023-winter","8":"tag-2255","9":"tag-2023-winter","10":"tag-season2-being-produced-movie","11":"tag-season2-","12":"tag-tv--season2-","13":"tag-vinland-saga","14":"tag-vinland-saga-anime","15":"tag-vinland-saga-manga","16":"tag-vinland-saga-review","17":"tag-2993","18":"tag--season2","19":"tag-5942","20":"tag-12178","21":"tag-2257","22":"tag-685"},"share_on_mastodon":{"url":"","error":""},"_links":{"self":[{"href":"https:\/\/www.wacoca.com\/anime\/wp-json\/wp\/v2\/posts\/1085369","targetHints":{"allow":["GET"]}}],"collection":[{"href":"https:\/\/www.wacoca.com\/anime\/wp-json\/wp\/v2\/posts"}],"about":[{"href":"https:\/\/www.wacoca.com\/anime\/wp-json\/wp\/v2\/types\/post"}],"author":[{"embeddable":true,"href":"https:\/\/www.wacoca.com\/anime\/wp-json\/wp\/v2\/users\/4"}],"replies":[{"embeddable":true,"href":"https:\/\/www.wacoca.com\/anime\/wp-json\/wp\/v2\/comments?post=1085369"}],"version-history":[{"count":0,"href":"https:\/\/www.wacoca.com\/anime\/wp-json\/wp\/v2\/posts\/1085369\/revisions"}],"wp:featuredmedia":[{"embeddable":true,"href":"https:\/\/www.wacoca.com\/anime\/wp-json\/wp\/v2\/media\/1085370"}],"wp:attachment":[{"href":"https:\/\/www.wacoca.com\/anime\/wp-json\/wp\/v2\/media?parent=1085369"}],"wp:term":[{"taxonomy":"category","embeddable":true,"href":"https:\/\/www.wacoca.com\/anime\/wp-json\/wp\/v2\/categories?post=1085369"},{"taxonomy":"post_tag","embeddable":true,"href":"https:\/\/www.wacoca.com\/anime\/wp-json\/wp\/v2\/tags?post=1085369"}],"curies":[{"name":"wp","href":"https:\/\/api.w.org\/{rel}","templated":true}]}}